{"id":14313,"date":"2025-10-28T10:04:27","date_gmt":"2025-10-28T10:04:27","guid":{"rendered":"https:\/\/www.hs-kabeltechnik.at\/targi-przyszlosci-schaerding-2025\/"},"modified":"2025-10-28T12:21:54","modified_gmt":"2025-10-28T12:21:54","slug":"targi-przyszlosci-schaerding-2025","status":"publish","type":"post","link":"https:\/\/www.hs-kabeltechnik.at\/pl\/targi-przyszlosci-schaerding-2025\/","title":{"rendered":"Targi Przysz\u0142o\u015bci Sch\u00e4rding 2025"},"content":{"rendered":"\t\t<div data-elementor-type=\"wp-post\" data-elementor-id=\"14313\" class=\"elementor elementor-14313 elementor-14273\" data-elementor-post-type=\"post\">\n\t\t\t\t\t\t<section class=\"elementor-section elementor-top-section elementor-element elementor-element-cab1dda elementor-section-boxed elementor-section-height-default elementor-section-height-default\" data-id=\"cab1dda\" data-element_type=\"section\">\n\t\t\t\t\t\t<div class=\"elementor-container elementor-column-gap-default\">\n\t\t\t\t\t<div class=\"elementor-column elementor-col-100 elementor-top-column elementor-element elementor-element-af8c97e\" data-id=\"af8c97e\" data-element_type=\"column\">\n\t\t\t<div class=\"elementor-widget-wrap elementor-element-populated\">\n\t\t\t\t\t\t<div class=\"elementor-element elementor-element-1bb0b5d elementor-widget elementor-widget-heading\" data-id=\"1bb0b5d\" data-element_type=\"widget\" data-widget_type=\"heading.default\">\n\t\t\t\t<div class=\"elementor-widget-container\">\n\t\t\t\t\t<h3 class=\"elementor-heading-title elementor-size-default\">Pa\u017adziernik 2025<\/h3>\t\t\t\t<\/div>\n\t\t\t\t<\/div>\n\t\t\t\t\t<\/div>\n\t\t<\/div>\n\t\t\t\t\t<\/div>\n\t\t<\/section>\n\t\t\t\t<section class=\"elementor-section elementor-top-section elementor-element elementor-element-457bb4a elementor-section-boxed elementor-section-height-default elementor-section-height-default\" data-id=\"457bb4a\" data-element_type=\"section\">\n\t\t\t\t\t\t<div class=\"elementor-container elementor-column-gap-default\">\n\t\t\t\t\t<div class=\"elementor-column elementor-col-100 elementor-top-column elementor-element elementor-element-c934f01\" data-id=\"c934f01\" data-element_type=\"column\">\n\t\t\t<div class=\"elementor-widget-wrap elementor-element-populated\">\n\t\t\t\t\t\t<div class=\"elementor-element elementor-element-4993d13 elementor-widget elementor-widget-heading\" data-id=\"4993d13\" data-element_type=\"widget\" data-widget_type=\"heading.default\">\n\t\t\t\t<div class=\"elementor-widget-container\">\n\t\t\t\t\t<h3 class=\"elementor-heading-title elementor-size-default\"><br>W pi\u0105tek, 17 pa\u017adziernika, i w sobot\u0119, 18 pa\u017adziernika 2025 r., Hala Sportowa w okr\u0119gu Sch\u00e4rding ponownie otworzy\u0142a swoje drzwi, aby go\u015bci\u0107 najwi\u0119ksze targi sta\u017cowe w regionie.<br><br><\/h3>\t\t\t\t<\/div>\n\t\t\t\t<\/div>\n\t\t\t\t\t<\/div>\n\t\t<\/div>\n\t\t\t\t\t<\/div>\n\t\t<\/section>\n\t\t\t\t<section class=\"elementor-section elementor-top-section elementor-element elementor-element-8c8ca2a elementor-section-boxed elementor-section-height-default elementor-section-height-default\" data-id=\"8c8ca2a\" data-element_type=\"section\">\n\t\t\t\t\t\t<div class=\"elementor-container elementor-column-gap-default\">\n\t\t\t\t\t<div class=\"elementor-column elementor-col-50 elementor-top-column elementor-element elementor-element-abbd2be\" data-id=\"abbd2be\" data-element_type=\"column\">\n\t\t\t<div class=\"elementor-widget-wrap elementor-element-populated\">\n\t\t\t\t\t\t<div class=\"elementor-element elementor-element-add7ee8 elementor-widget elementor-widget-text-editor\" data-id=\"add7ee8\" data-element_type=\"widget\" data-widget_type=\"text-editor.default\">\n\t\t\t\t<div class=\"elementor-widget-container\">\n\t\t\t\t\t\t\t\t\tTargi Przysz\u0142o\u015bci Sch\u00e4rding daj\u0105 m\u0142odym ludziom i ich rodzicom mo\u017cliwo\u015b\u0107 dok\u0142adnego zapoznania si\u0119 z zawodami, mo\u017cliwo\u015bciami edukacyjnymi oraz z firmami i ich warto\u015bciami.<br><br>Po raz trzeci z rz\u0119du skorzystali\u015bmy z tej okazji, aby przedstawi\u0107 nasz\u0105 firm\u0119 ponad tysi\u0105cu m\u0142odych odwiedzaj\u0105cych z regionu. Dla nas targi s\u0105 wa\u017cn\u0105 okazj\u0105, aby pokaza\u0107, jak r\u00f3\u017cnorodne i ekscytuj\u0105ce mo\u017ce by\u0107 odbywanie sta\u017cu jako pracownik biurowy w naszej firmie.<br><br>\u201eTargi Przysz\u0142o\u015bci Sch\u00e4rding s\u0105 zawsze doskonale zorganizowane. Daj\u0105 nam idealn\u0105 platform\u0119 do przedstawienia naszej firmy i wyja\u015bnienia, jak wygl\u0105da sta\u017c u nas\u201d, m\u00f3wi Melanie Dietach, Kierownik Marketingu.\t\t\t\t\t\t\t\t<\/div>\n\t\t\t\t<\/div>\n\t\t\t\t\t<\/div>\n\t\t<\/div>\n\t\t\t\t<div class=\"elementor-column elementor-col-50 elementor-top-column elementor-element elementor-element-2f4fa67\" data-id=\"2f4fa67\" data-element_type=\"column\">\n\t\t\t<div class=\"elementor-widget-wrap elementor-element-populated\">\n\t\t\t\t\t\t<div class=\"elementor-element elementor-element-edf3054 elementor-widget elementor-widget-image\" data-id=\"edf3054\" data-element_type=\"widget\" data-widget_type=\"image.default\">\n\t\t\t\t<div class=\"elementor-widget-container\">\n\t\t\t\t\t\t\t\t\t\t\t\t\t\t\t<img fetchpriority=\"high\" decoding=\"async\" width=\"800\" height=\"640\" src=\"https:\/\/www.hs-kabeltechnik.at\/wp-content\/uploads\/2025\/10\/2510_Zukunftsmesse-1.jpg\" class=\"attachment-large size-large wp-image-14289\" alt=\"Jugendliche auf der Zukunftsmesse 2025\" srcset=\"https:\/\/www.hs-kabeltechnik.at\/wp-content\/uploads\/2025\/10\/2510_Zukunftsmesse-1.jpg 800w, https:\/\/www.hs-kabeltechnik.at\/wp-content\/uploads\/2025\/10\/2510_Zukunftsmesse-1-300x240.jpg 300w, https:\/\/www.hs-kabeltechnik.at\/wp-content\/uploads\/2025\/10\/2510_Zukunftsmesse-1-768x614.jpg 768w\" sizes=\"(max-width: 800px) 100vw, 800px\" \/>\t\t\t\t\t\t\t\t\t\t\t\t\t\t\t<\/div>\n\t\t\t\t<\/div>\n\t\t\t\t\t<\/div>\n\t\t<\/div>\n\t\t\t\t\t<\/div>\n\t\t<\/section>\n\t\t\t\t<section class=\"elementor-section elementor-top-section elementor-element elementor-element-5a81932 elementor-section-boxed elementor-section-height-default elementor-section-height-default\" data-id=\"5a81932\" data-element_type=\"section\">\n\t\t\t\t\t\t<div class=\"elementor-container elementor-column-gap-default\">\n\t\t\t\t\t<div class=\"elementor-column elementor-col-50 elementor-top-column elementor-element elementor-element-6720acb\" data-id=\"6720acb\" data-element_type=\"column\">\n\t\t\t<div class=\"elementor-widget-wrap elementor-element-populated\">\n\t\t\t\t\t\t<div class=\"elementor-element elementor-element-552d64d elementor-widget elementor-widget-text-editor\" data-id=\"552d64d\" data-element_type=\"widget\" data-widget_type=\"text-editor.default\">\n\t\t\t\t<div class=\"elementor-widget-container\">\n\t\t\t\t\t\t\t\t\tPrzygotowali\u015bmy r\u00f3wnie\u017c co\u015b specjalnego na nasze stoisko: m\u0142odzi uczestnicy mogli z bliska pozna\u0107 nasze <a href=\"https:\/\/www.hs-kabeltechnik.at\/pl\/produkte\/\">produkty<\/a> i sami je wypr\u00f3bowa\u0107. Na specjalnie przygotowanej planszy mogli eksperymentowa\u0107, a na koniec zabra\u0107 do domu serduszko wykonane w\u0142asnor\u0119cznie. Byli\u015bmy pod wra\u017ceniem zr\u0119czno\u015bci i kreatywno\u015bci tych m\u0142odych talent\u00f3w!<br><br><strong>Serdecznie dzi\u0119kujemy wszystkim, kt\u00f3rzy odwiedzili nasze stoisko, i ju\u017c nie mo\u017cemy si\u0119 doczeka\u0107 udzia\u0142u w Targach Przysz\u0142o\u015bci w 2026 roku.<\/strong>\t\t\t\t\t\t\t\t<\/div>\n\t\t\t\t<\/div>\n\t\t\t\t\t<\/div>\n\t\t<\/div>\n\t\t\t\t<div class=\"elementor-column elementor-col-50 elementor-top-column elementor-element elementor-element-6cdcb24\" data-id=\"6cdcb24\" data-element_type=\"column\">\n\t\t\t<div class=\"elementor-widget-wrap elementor-element-populated\">\n\t\t\t\t\t\t<div class=\"elementor-element elementor-element-da3a9ad elementor-cta--skin-classic elementor-animated-content elementor-bg-transform elementor-bg-transform-zoom-in elementor-widget elementor-widget-call-to-action\" data-id=\"da3a9ad\" data-element_type=\"widget\" data-widget_type=\"call-to-action.default\">\n\t\t\t\t<div class=\"elementor-widget-container\">\n\t\t\t\t\t\t\t<div class=\"elementor-cta\">\n\t\t\t\t\t\t\t<div class=\"elementor-cta__content\">\n\t\t\t\t\n\t\t\t\t\t\t\t\t\t<h2 class=\"elementor-cta__title elementor-cta__content-item elementor-content-item\">\n\t\t\t\t\t\tChcesz dowiedzie\u0107 si\u0119 wi\u0119cej?\t\t\t\t\t<\/h2>\n\t\t\t\t\n\t\t\t\t\t\t\t\t\t<div class=\"elementor-cta__description elementor-cta__content-item elementor-content-item\">\n\t\t\t\t\t\t<p>Oto artyku\u0142 naszego partnera medialnego MeinBezirk<\/p>\n\t\t\t\t\t<\/div>\n\t\t\t\t\n\t\t\t\t\t\t\t\t\t<div class=\"elementor-cta__button-wrapper elementor-cta__content-item elementor-content-item \">\n\t\t\t\t\t<a class=\"elementor-cta__button elementor-button elementor-size-\" href=\"https:\/\/www.meinbezirk.at\/schaerding\/c-wirtschaft\/die-zukunftsmesse-2025-in-schaerding-lehre-hautnah_a7749299#gallery=null\" rel=\"noopener\">\n\t\t\t\t\t\tDo raportu\t\t\t\t\t<\/a>\n\t\t\t\t\t<\/div>\n\t\t\t\t\t\t\t<\/div>\n\t\t\t\t\t\t<\/div>\n\t\t\t\t\t\t<\/div>\n\t\t\t\t<\/div>\n\t\t\t\t\t<\/div>\n\t\t<\/div>\n\t\t\t\t\t<\/div>\n\t\t<\/section>\n\t\t\t\t<section class=\"elementor-section elementor-top-section elementor-element elementor-element-da14721 elementor-section-boxed elementor-section-height-default elementor-section-height-default\" data-id=\"da14721\" data-element_type=\"section\">\n\t\t\t\t\t\t<div class=\"elementor-container elementor-column-gap-default\">\n\t\t\t\t\t<div class=\"elementor-column elementor-col-50 elementor-top-column elementor-element elementor-element-8c190b4\" data-id=\"8c190b4\" data-element_type=\"column\">\n\t\t\t<div class=\"elementor-widget-wrap elementor-element-populated\">\n\t\t\t\t\t\t<div class=\"elementor-element elementor-element-9d63c5b elementor-widget elementor-widget-heading\" data-id=\"9d63c5b\" data-element_type=\"widget\" data-widget_type=\"heading.default\">\n\t\t\t\t<div class=\"elementor-widget-container\">\n\t\t\t\t\t<h2 class=\"elementor-heading-title elementor-size-default\">Nasz zesp\u00f3\u0142 na miejscu:<\/h2>\t\t\t\t<\/div>\n\t\t\t\t<\/div>\n\t\t\t\t\t<\/div>\n\t\t<\/div>\n\t\t\t\t<div class=\"elementor-column elementor-col-50 elementor-top-column elementor-element elementor-element-9061cb7\" data-id=\"9061cb7\" data-element_type=\"column\">\n\t\t\t<div class=\"elementor-widget-wrap elementor-element-populated\">\n\t\t\t\t\t\t\t<\/div>\n\t\t<\/div>\n\t\t\t\t\t<\/div>\n\t\t<\/section>\n\t\t\t\t<section class=\"elementor-section elementor-top-section elementor-element elementor-element-869d422 elementor-section-boxed elementor-section-height-default elementor-section-height-default\" data-id=\"869d422\" data-element_type=\"section\">\n\t\t\t\t\t\t<div class=\"elementor-container elementor-column-gap-default\">\n\t\t\t\t\t<div class=\"elementor-column elementor-col-50 elementor-top-column elementor-element elementor-element-ff8222f\" data-id=\"ff8222f\" data-element_type=\"column\">\n\t\t\t<div class=\"elementor-widget-wrap elementor-element-populated\">\n\t\t\t\t\t\t<div class=\"elementor-element elementor-element-a28a666 elementor-widget elementor-widget-image\" data-id=\"a28a666\" data-element_type=\"widget\" data-widget_type=\"image.default\">\n\t\t\t\t<div class=\"elementor-widget-container\">\n\t\t\t\t\t\t\t\t\t\t\t\t\t\t\t<img decoding=\"async\" width=\"1024\" height=\"682\" src=\"https:\/\/www.hs-kabeltechnik.at\/wp-content\/uploads\/2025\/10\/2510_Zukunftsmesse_T1-1024x682.png\" class=\"attachment-large size-large wp-image-14294\" alt=\"Standpersonal Tag 1 Zukunftsmesse 2025\" srcset=\"https:\/\/www.hs-kabeltechnik.at\/wp-content\/uploads\/2025\/10\/2510_Zukunftsmesse_T1-1024x682.png 1024w, https:\/\/www.hs-kabeltechnik.at\/wp-content\/uploads\/2025\/10\/2510_Zukunftsmesse_T1-300x200.png 300w, https:\/\/www.hs-kabeltechnik.at\/wp-content\/uploads\/2025\/10\/2510_Zukunftsmesse_T1-768x512.png 768w, https:\/\/www.hs-kabeltechnik.at\/wp-content\/uploads\/2025\/10\/2510_Zukunftsmesse_T1.png 1184w\" sizes=\"(max-width: 1024px) 100vw, 1024px\" \/>\t\t\t\t\t\t\t\t\t\t\t\t\t\t\t<\/div>\n\t\t\t\t<\/div>\n\t\t\t\t\t<\/div>\n\t\t<\/div>\n\t\t\t\t<div class=\"elementor-column elementor-col-50 elementor-top-column elementor-element elementor-element-e70e6a0\" data-id=\"e70e6a0\" data-element_type=\"column\">\n\t\t\t<div class=\"elementor-widget-wrap elementor-element-populated\">\n\t\t\t\t\t\t<div class=\"elementor-element elementor-element-d9171a8 elementor-widget elementor-widget-image\" data-id=\"d9171a8\" data-element_type=\"widget\" data-widget_type=\"image.default\">\n\t\t\t\t<div class=\"elementor-widget-container\">\n\t\t\t\t\t\t\t\t\t\t\t\t\t\t\t<img decoding=\"async\" width=\"738\" height=\"492\" src=\"https:\/\/www.hs-kabeltechnik.at\/wp-content\/uploads\/2025\/10\/2510_Zukunftsmesse_T2.jpg\" class=\"attachment-large size-large wp-image-14299\" alt=\"Standpersonal Tag 2 Zukunftsmesse 2025\" srcset=\"https:\/\/www.hs-kabeltechnik.at\/wp-content\/uploads\/2025\/10\/2510_Zukunftsmesse_T2.jpg 738w, https:\/\/www.hs-kabeltechnik.at\/wp-content\/uploads\/2025\/10\/2510_Zukunftsmesse_T2-300x200.jpg 300w\" sizes=\"(max-width: 738px) 100vw, 738px\" \/>\t\t\t\t\t\t\t\t\t\t\t\t\t\t\t<\/div>\n\t\t\t\t<\/div>\n\t\t\t\t\t<\/div>\n\t\t<\/div>\n\t\t\t\t\t<\/div>\n\t\t<\/section>\n\t\t\t\t<section class=\"elementor-section elementor-top-section elementor-element elementor-element-e7f5234 elementor-section-boxed elementor-section-height-default elementor-section-height-default\" data-id=\"e7f5234\" data-element_type=\"section\">\n\t\t\t\t\t\t<div class=\"elementor-container elementor-column-gap-default\">\n\t\t\t\t\t<div class=\"elementor-column elementor-col-50 elementor-top-column elementor-element elementor-element-6804421\" data-id=\"6804421\" data-element_type=\"column\">\n\t\t\t<div class=\"elementor-widget-wrap elementor-element-populated\">\n\t\t\t\t\t\t<div class=\"elementor-element elementor-element-3c57921 elementor-widget elementor-widget-heading\" data-id=\"3c57921\" data-element_type=\"widget\" data-widget_type=\"heading.default\">\n\t\t\t\t<div class=\"elementor-widget-container\">\n\t\t\t\t\t<h6 class=\"elementor-heading-title elementor-size-default\">Personel stoiska \u2013 pi\u0105tek: Leni Schatzberger, Andreas Gumpoltsberger i Melanie Dietach<\/h6>\t\t\t\t<\/div>\n\t\t\t\t<\/div>\n\t\t\t\t\t<\/div>\n\t\t<\/div>\n\t\t\t\t<div class=\"elementor-column elementor-col-50 elementor-top-column elementor-element elementor-element-e1e7acb\" data-id=\"e1e7acb\" data-element_type=\"column\">\n\t\t\t<div class=\"elementor-widget-wrap elementor-element-populated\">\n\t\t\t\t\t\t<div class=\"elementor-element elementor-element-e3334a3 elementor-widget elementor-widget-heading\" data-id=\"e3334a3\" data-element_type=\"widget\" data-widget_type=\"heading.default\">\n\t\t\t\t<div class=\"elementor-widget-container\">\n\t\t\t\t\t<h6 class=\"elementor-heading-title elementor-size-default\">Personel stoiska \u2013 sobota: Leon Br\u00fcckl, Eva Enzlm\u00fcller i Patrick Ringer<\/h6>\t\t\t\t<\/div>\n\t\t\t\t<\/div>\n\t\t\t\t\t<\/div>\n\t\t<\/div>\n\t\t\t\t\t<\/div>\n\t\t<\/section>\n\t\t\t\t<\/div>\n\t\t","protected":false},"excerpt":{"rendered":"<p>2025: W dniach 17 i 18 pa\u017adziernika 2025 r. Targi Przysz\u0142o\u015bci Sch\u00e4rding ponownie otworzy\u0142y swoje drzwi, a my byli\u015bmy tam jako wystawcy. Wi\u0119cej informacji mo\u017cna znale\u017a\u0107 tutaj.<\/p>\n","protected":false},"author":5,"featured_media":14294,"comment_status":"closed","ping_status":"open","sticky":false,"template":"","format":"standard","meta":{"_acf_changed":false,"_genesis_hide_title":false,"_genesis_hide_breadcrumbs":false,"_genesis_hide_singular_image":false,"_genesis_hide_footer_widgets":false,"_genesis_custom_body_class":"","_genesis_custom_post_class":"","_genesis_layout":"","footnotes":""},"categories":[33],"tags":[193,274],"class_list":{"0":"post-14313","1":"post","2":"type-post","3":"status-publish","4":"format-standard","5":"has-post-thumbnail","7":"category-bez-kategorii","8":"tag-przyszle-targi","9":"tag-targi-przyszlosci-schaerding","10":"entry"},"acf":[],"_links":{"self":[{"href":"https:\/\/www.hs-kabeltechnik.at\/pl\/wp-json\/wp\/v2\/posts\/14313","targetHints":{"allow":["GET"]}}],"collection":[{"href":"https:\/\/www.hs-kabeltechnik.at\/pl\/wp-json\/wp\/v2\/posts"}],"about":[{"href":"https:\/\/www.hs-kabeltechnik.at\/pl\/wp-json\/wp\/v2\/types\/post"}],"author":[{"embeddable":true,"href":"https:\/\/www.hs-kabeltechnik.at\/pl\/wp-json\/wp\/v2\/users\/5"}],"replies":[{"embeddable":true,"href":"https:\/\/www.hs-kabeltechnik.at\/pl\/wp-json\/wp\/v2\/comments?post=14313"}],"version-history":[{"count":1,"href":"https:\/\/www.hs-kabeltechnik.at\/pl\/wp-json\/wp\/v2\/posts\/14313\/revisions"}],"predecessor-version":[{"id":14314,"href":"https:\/\/www.hs-kabeltechnik.at\/pl\/wp-json\/wp\/v2\/posts\/14313\/revisions\/14314"}],"wp:featuredmedia":[{"embeddable":true,"href":"https:\/\/www.hs-kabeltechnik.at\/pl\/wp-json\/wp\/v2\/media\/14294"}],"wp:attachment":[{"href":"https:\/\/www.hs-kabeltechnik.at\/pl\/wp-json\/wp\/v2\/media?parent=14313"}],"wp:term":[{"taxonomy":"category","embeddable":true,"href":"https:\/\/www.hs-kabeltechnik.at\/pl\/wp-json\/wp\/v2\/categories?post=14313"},{"taxonomy":"post_tag","embeddable":true,"href":"https:\/\/www.hs-kabeltechnik.at\/pl\/wp-json\/wp\/v2\/tags?post=14313"}],"curies":[{"name":"wp","href":"https:\/\/api.w.org\/{rel}","templated":true}]}}