{"id":11587,"date":"2025-05-16T08:16:21","date_gmt":"2025-05-16T08:16:21","guid":{"rendered":"https:\/\/www.hs-kabeltechnik.at\/expobiomasa-valladolid-2025\/"},"modified":"2025-05-20T06:10:13","modified_gmt":"2025-05-20T06:10:13","slug":"expobiomasa-valladolid-2025","status":"publish","type":"post","link":"https:\/\/www.hs-kabeltechnik.at\/pl\/expobiomasa-valladolid-2025\/","title":{"rendered":"Expobiomasa Valladolid 2025"},"content":{"rendered":"\t\t<div data-elementor-type=\"wp-post\" data-elementor-id=\"11587\" class=\"elementor elementor-11587 elementor-11557\" data-elementor-post-type=\"post\">\n\t\t\t\t\t\t<section class=\"elementor-section elementor-top-section elementor-element elementor-element-cab1dda elementor-section-boxed elementor-section-height-default elementor-section-height-default\" data-id=\"cab1dda\" data-element_type=\"section\">\n\t\t\t\t\t\t<div class=\"elementor-container elementor-column-gap-default\">\n\t\t\t\t\t<div class=\"elementor-column elementor-col-100 elementor-top-column elementor-element elementor-element-af8c97e\" data-id=\"af8c97e\" data-element_type=\"column\">\n\t\t\t<div class=\"elementor-widget-wrap elementor-element-populated\">\n\t\t\t\t\t\t<div class=\"elementor-element elementor-element-1bb0b5d elementor-widget elementor-widget-heading\" data-id=\"1bb0b5d\" data-element_type=\"widget\" data-widget_type=\"heading.default\">\n\t\t\t\t<div class=\"elementor-widget-container\">\n\t\t\t\t\t<h3 class=\"elementor-heading-title elementor-size-default\">MAJ 2025<\/h3>\t\t\t\t<\/div>\n\t\t\t\t<\/div>\n\t\t\t\t\t<\/div>\n\t\t<\/div>\n\t\t\t\t\t<\/div>\n\t\t<\/section>\n\t\t\t\t<section class=\"elementor-section elementor-top-section elementor-element elementor-element-c60a662 elementor-section-boxed elementor-section-height-default elementor-section-height-default\" data-id=\"c60a662\" data-element_type=\"section\">\n\t\t\t\t\t\t<div class=\"elementor-container elementor-column-gap-default\">\n\t\t\t\t\t<div class=\"elementor-column elementor-col-100 elementor-top-column elementor-element elementor-element-ed52e93\" data-id=\"ed52e93\" data-element_type=\"column\">\n\t\t\t<div class=\"elementor-widget-wrap elementor-element-populated\">\n\t\t\t\t\t\t<div class=\"elementor-element elementor-element-51ba42b elementor-widget elementor-widget-text-editor\" data-id=\"51ba42b\" data-element_type=\"widget\" data-widget_type=\"text-editor.default\">\n\t\t\t\t<div class=\"elementor-widget-container\">\n\t\t\t\t\t\t\t\t\t<p>350 wystawc\u00f3w z 24 kraj\u00f3w i ponad 90 prelegent\u00f3w na sesjach technicznych charakteryzowa\u0142o targi <a href=\"https:\/\/expobiomasa.com\/\" rel=\"noopener\">Expobiomasa<\/a> w Valladolid.<\/p><p>W dniach 06 &#8211; 08 maja 2025 r. targi Expobiomasa otworzy\u0142y swoje podwoje w Valladolid i byli\u015bmy zachwyceni, \u017ce mogli\u015bmy by\u0107 reprezentowani przez nasz\u0105 siostrzan\u0105 firm\u0119 H&amp;S Sensortechnik. W ramach wsp\u00f3lnego stoiska zorganizowanego przez\u00a0<a href=\"https:\/\/www.wko.at\/aussenwirtschaft\/start\" rel=\"noopener\">WKO Aussenwirtschaft Austria<\/a>, szaprezentowali\u015bmy nasze produkty szerokiej mi\u0119dzynarodowej publiczno\u015bci wraz z 15 innymi lokalnymi firmami. Przestrze\u0144 wystawiennicza zajmowana przez Austri\u0119 by\u0142a wi\u0119ksza ni\u017c kiedykolwiek wcze\u015bniej, a has\u0142o \u201eMade in Austria\u201d spotka\u0142o si\u0119 z \u017cywym zainteresowaniem publiczno\u015bci targowej.<\/p><p>Targi pokaza\u0142y, w jaki spos\u00f3b biomasa mo\u017ce by\u0107 efektywnie wykorzystywana do wytwarzania energii. Celem jest zmniejszenie zale\u017cno\u015bci od paliw kopalnych, a jednocze\u015bnie zapewnienie stabilnych dostaw nawet w czasach kryzysu energetycznego. Nasze produkty koncentrowa\u0142y si\u0119 na dw\u00f3ch kluczowych elementach nowoczesnych system\u00f3w grzewczych na biomas\u0119: <a href=\"https:\/\/www.hs-kabeltechnik.at\/pl\/produktkategorie\/technologia-sond-lambda\/\">sonda lambda<\/a> i naszej <a href=\"https:\/\/www.hs-kabeltechnik.at\/pl\/produktkategorie\/zapalnik-zarowy\/\">zapalnik zarowy<\/a>. Oba s\u0105 zintegrowane bezpo\u015brednio z kot\u0142em i w decyduj\u0105cy spos\u00f3b przyczyniaj\u0105 si\u0119 do zr\u00f3wnowa\u017conego, wydajnego i niskoemisyjnego wytwarzania ciep\u0142a.<\/p>\t\t\t\t\t\t\t\t<\/div>\n\t\t\t\t<\/div>\n\t\t\t\t\t<\/div>\n\t\t<\/div>\n\t\t\t\t\t<\/div>\n\t\t<\/section>\n\t\t\t\t<section class=\"elementor-section elementor-top-section elementor-element elementor-element-8caeeb6 elementor-section-boxed elementor-section-height-default elementor-section-height-default\" data-id=\"8caeeb6\" data-element_type=\"section\">\n\t\t\t\t\t\t<div class=\"elementor-container elementor-column-gap-default\">\n\t\t\t\t\t<div class=\"elementor-column elementor-col-50 elementor-top-column elementor-element elementor-element-131da49\" data-id=\"131da49\" data-element_type=\"column\">\n\t\t\t<div class=\"elementor-widget-wrap elementor-element-populated\">\n\t\t\t\t\t\t<div class=\"elementor-element elementor-element-2acfdfc elementor-widget elementor-widget-image\" data-id=\"2acfdfc\" data-element_type=\"widget\" data-widget_type=\"image.default\">\n\t\t\t\t<div class=\"elementor-widget-container\">\n\t\t\t\t\t\t\t\t\t\t\t\t\t\t\t<img fetchpriority=\"high\" decoding=\"async\" width=\"932\" height=\"1024\" src=\"https:\/\/www.hs-kabeltechnik.at\/wp-content\/uploads\/2025\/05\/Expobiomasa-Gruppenfoto-HS-Sensortechnik-932x1024.jpg\" class=\"attachment-large size-large wp-image-11569\" alt=\"Expobiomasa\" srcset=\"https:\/\/www.hs-kabeltechnik.at\/wp-content\/uploads\/2025\/05\/Expobiomasa-Gruppenfoto-HS-Sensortechnik-932x1024.jpg 932w, https:\/\/www.hs-kabeltechnik.at\/wp-content\/uploads\/2025\/05\/Expobiomasa-Gruppenfoto-HS-Sensortechnik-273x300.jpg 273w, https:\/\/www.hs-kabeltechnik.at\/wp-content\/uploads\/2025\/05\/Expobiomasa-Gruppenfoto-HS-Sensortechnik-768x844.jpg 768w, https:\/\/www.hs-kabeltechnik.at\/wp-content\/uploads\/2025\/05\/Expobiomasa-Gruppenfoto-HS-Sensortechnik-1398x1536.jpg 1398w, https:\/\/www.hs-kabeltechnik.at\/wp-content\/uploads\/2025\/05\/Expobiomasa-Gruppenfoto-HS-Sensortechnik-1864x2048.jpg 1864w\" sizes=\"(max-width: 932px) 100vw, 932px\" \/>\t\t\t\t\t\t\t\t\t\t\t\t\t\t\t<\/div>\n\t\t\t\t<\/div>\n\t\t\t\t\t<\/div>\n\t\t<\/div>\n\t\t\t\t<div class=\"elementor-column elementor-col-50 elementor-top-column elementor-element elementor-element-b612ebc\" data-id=\"b612ebc\" data-element_type=\"column\">\n\t\t\t<div class=\"elementor-widget-wrap elementor-element-populated\">\n\t\t\t\t\t\t<div class=\"elementor-element elementor-element-ded36c3 elementor-widget elementor-widget-text-editor\" data-id=\"ded36c3\" data-element_type=\"widget\" data-widget_type=\"text-editor.default\">\n\t\t\t\t<div class=\"elementor-widget-container\">\n\t\t\t\t\t\t\t\t\t<h3>Pozytywny bilans i perspektywy<\/h3><p>&#8222;<em>Byli\u015bmy w stanie nawi\u0105za\u0107 ukierunkowane kontakty z potencjalnymi partnerami handlowymi i klientami ko\u0144cowymi w Hiszpanii i poza ni\u0105 oraz piel\u0119gnowa\u0107 istniej\u0105ce kontakty. Z niecierpliwo\u015bci\u0105 czekamy na dalsz\u0105 intensyfikacj\u0119 nowych kontakt\u00f3w i jeste\u015bmy optymistycznie nastawieni do rozszerzenia naszej mi\u0119dzynarodowej dzia\u0142alno\u015bci rynkowej w dziedzinie energii odnawialnych<\/em>&#8221; &#8211; m\u00f3wi <a href=\"https:\/\/www.hs-kabeltechnik.at\/pl\/alle-mitarbeiter\/fabian-jankowski-2\/\">Fabian Jankowski<\/a>.<\/p><p>&#8222;Udzia\u0142 w targach Expobiomasa 2025 by\u0142 dla H&amp;S Sensortechnik pe\u0142nym sukcesem. Chcieliby\u015bmy podzi\u0119kowa\u0107 WKO-AussenwirtschaftsCenter Madrid za profesjonaln\u0105 organizacj\u0119 i wsparcie na miejscu. Targi z pewno\u015bci\u0105 pomog\u0142y w dalszym rozszerzaniu obecno\u015bci naszej marki w \u015bwiecie hiszpa\u0144skoj\u0119zycznym&#8221; &#8211; m\u00f3wi <a href=\"https:\/\/www.hs-kabeltechnik.at\/pl\/alle-mitarbeiter\/melanie-dietach-2\/\">Melanie Dietach<\/a><\/p><h2>DZI\u0118KUJEMY wszystkim, kt\u00f3rzy odwiedzili nasze stoisko.<\/h2>\t\t\t\t\t\t\t\t<\/div>\n\t\t\t\t<\/div>\n\t\t\t\t\t<\/div>\n\t\t<\/div>\n\t\t\t\t\t<\/div>\n\t\t<\/section>\n\t\t\t\t<section class=\"elementor-section elementor-top-section elementor-element elementor-element-f801d58 elementor-section-boxed elementor-section-height-default elementor-section-height-default\" data-id=\"f801d58\" data-element_type=\"section\">\n\t\t\t\t\t\t<div class=\"elementor-container elementor-column-gap-default\">\n\t\t\t\t\t<div class=\"elementor-column elementor-col-50 elementor-top-column elementor-element elementor-element-568137b\" data-id=\"568137b\" data-element_type=\"column\">\n\t\t\t<div class=\"elementor-widget-wrap elementor-element-populated\">\n\t\t\t\t\t\t<div class=\"elementor-element elementor-element-45406eb elementor-cta--skin-classic elementor-animated-content elementor-bg-transform elementor-bg-transform-zoom-in elementor-widget elementor-widget-call-to-action\" data-id=\"45406eb\" data-element_type=\"widget\" data-widget_type=\"call-to-action.default\">\n\t\t\t\t<div class=\"elementor-widget-container\">\n\t\t\t\t\t\t\t<div class=\"elementor-cta\">\n\t\t\t\t\t<div class=\"elementor-cta__bg-wrapper\">\n\t\t\t\t<div class=\"elementor-cta__bg elementor-bg\" style=\"background-image: url(https:\/\/www.hs-kabeltechnik.at\/wp-content\/uploads\/2023\/03\/Lambdasonde-fuer-Biomasse.png);\" role=\"img\" aria-label=\"Lambdasonde f\u00fcr Biomasse - Ersatz f\u00fcr Bosch LSM 11\"><\/div>\n\t\t\t\t<div class=\"elementor-cta__bg-overlay\"><\/div>\n\t\t\t<\/div>\n\t\t\t\t\t\t\t<div class=\"elementor-cta__content\">\n\t\t\t\t\n\t\t\t\t\t\t\t\t\t<h2 class=\"elementor-cta__title elementor-cta__content-item elementor-content-item\">\n\t\t\t\t\t\tSONDA LAMBDA\t\t\t\t\t<\/h2>\n\t\t\t\t\n\t\t\t\t\t\t\t\t\t<div class=\"elementor-cta__description elementor-cta__content-item elementor-content-item\">\n\t\t\t\t\t\t<p>Redukcja emisji - zwi\u0119kszenie wydajno\u015bci<\/p>\n\t\t\t\t\t<\/div>\n\t\t\t\t\n\t\t\t\t\t\t\t\t\t<div class=\"elementor-cta__button-wrapper elementor-cta__content-item elementor-content-item \">\n\t\t\t\t\t<a class=\"elementor-cta__button elementor-button elementor-size-\" href=\"https:\/\/www.hs-kabeltechnik.at\/pl\/produktkategorie\/technologia-sond-lambda\/\">\n\t\t\t\t\t\tWi\u0119cej informacji tutaj\t\t\t\t\t<\/a>\n\t\t\t\t\t<\/div>\n\t\t\t\t\t\t\t<\/div>\n\t\t\t\t\t\t<\/div>\n\t\t\t\t\t\t<\/div>\n\t\t\t\t<\/div>\n\t\t\t\t\t<\/div>\n\t\t<\/div>\n\t\t\t\t<div class=\"elementor-column elementor-col-50 elementor-top-column elementor-element elementor-element-fe86717\" data-id=\"fe86717\" data-element_type=\"column\">\n\t\t\t<div class=\"elementor-widget-wrap elementor-element-populated\">\n\t\t\t\t\t\t<div class=\"elementor-element elementor-element-ce7f2a2 elementor-cta--skin-classic elementor-animated-content elementor-bg-transform elementor-bg-transform-zoom-in elementor-widget elementor-widget-call-to-action\" data-id=\"ce7f2a2\" data-element_type=\"widget\" data-widget_type=\"call-to-action.default\">\n\t\t\t\t<div class=\"elementor-widget-container\">\n\t\t\t\t\t\t\t<div class=\"elementor-cta\">\n\t\t\t\t\t<div class=\"elementor-cta__bg-wrapper\">\n\t\t\t\t<div class=\"elementor-cta__bg elementor-bg\" style=\"background-image: url(https:\/\/www.hs-kabeltechnik.at\/wp-content\/uploads\/2022\/11\/PSx-2-240-B-Pellet_Ceramic_Igniter.png);\" role=\"img\" aria-label=\"PSX-2-240-B Ceramiczny zap\u0142onnik \u017carowy\"><\/div>\n\t\t\t\t<div class=\"elementor-cta__bg-overlay\"><\/div>\n\t\t\t<\/div>\n\t\t\t\t\t\t\t<div class=\"elementor-cta__content\">\n\t\t\t\t\n\t\t\t\t\t\t\t\t\t<h2 class=\"elementor-cta__title elementor-cta__content-item elementor-content-item\">\n\t\t\t\t\t\tZAPALNIK CERAMICZNY\t\t\t\t\t<\/h2>\n\t\t\t\t\n\t\t\t\t\t\t\t\t\t<div class=\"elementor-cta__description elementor-cta__content-item elementor-content-item\">\n\t\t\t\t\t\t<p>Dla wydajnego spalania biomasy<\/p>\t\t\t\t\t<\/div>\n\t\t\t\t\n\t\t\t\t\t\t\t\t\t<div class=\"elementor-cta__button-wrapper elementor-cta__content-item elementor-content-item \">\n\t\t\t\t\t<a class=\"elementor-cta__button elementor-button elementor-size-\" href=\"https:\/\/www.hs-kabeltechnik.at\/pl\/produktkategorie\/zapalnik-zarowy\/\">\n\t\t\t\t\t\tWi\u0119cej informacji tutaj\t\t\t\t\t<\/a>\n\t\t\t\t\t<\/div>\n\t\t\t\t\t\t\t<\/div>\n\t\t\t\t\t\t<\/div>\n\t\t\t\t\t\t<\/div>\n\t\t\t\t<\/div>\n\t\t\t\t\t<\/div>\n\t\t<\/div>\n\t\t\t\t\t<\/div>\n\t\t<\/section>\n\t\t\t\t<section class=\"elementor-section elementor-top-section elementor-element elementor-element-b1629d0 elementor-section-boxed elementor-section-height-default elementor-section-height-default\" data-id=\"b1629d0\" data-element_type=\"section\">\n\t\t\t\t\t\t<div class=\"elementor-container elementor-column-gap-default\">\n\t\t\t\t\t<div class=\"elementor-column elementor-col-100 elementor-top-column elementor-element elementor-element-d0c6e40\" data-id=\"d0c6e40\" data-element_type=\"column\">\n\t\t\t<div class=\"elementor-widget-wrap elementor-element-populated\">\n\t\t\t\t\t\t<div class=\"elementor-element elementor-element-2c3d353 elementor-widget elementor-widget-spacer\" data-id=\"2c3d353\" data-element_type=\"widget\" data-widget_type=\"spacer.default\">\n\t\t\t\t<div class=\"elementor-widget-container\">\n\t\t\t\t\t\t\t<div class=\"elementor-spacer\">\n\t\t\t<div class=\"elementor-spacer-inner\"><\/div>\n\t\t<\/div>\n\t\t\t\t\t\t<\/div>\n\t\t\t\t<\/div>\n\t\t\t\t\t<\/div>\n\t\t<\/div>\n\t\t\t\t\t<\/div>\n\t\t<\/section>\n\t\t\t\t<\/div>\n\t\t","protected":false},"excerpt":{"rendered":"<p>2025: Wydajne rozwi\u0105zania i zasoby odnawialne charakteryzowa\u0142y targi Expobiomasa w Valladolid. W ramach WKO Aussenwirtschaft prezentujemy nasze produkty szerokiej, mi\u0119dzynarodowej publiczno\u015bci.<\/p>\n","protected":false},"author":5,"featured_media":11562,"comment_status":"closed","ping_status":"open","sticky":false,"template":"","format":"standard","meta":{"_acf_changed":false,"_genesis_hide_title":false,"_genesis_hide_breadcrumbs":false,"_genesis_hide_singular_image":false,"_genesis_hide_footer_widgets":false,"_genesis_custom_body_class":"","_genesis_custom_post_class":"","_genesis_layout":"","footnotes":""},"categories":[31],"tags":[218],"class_list":{"0":"post-11587","1":"post","2":"type-post","3":"status-publish","4":"format-standard","5":"has-post-thumbnail","7":"category-non-classifiee","8":"tag-expobiomasa-pl","9":"entry"},"acf":[],"_links":{"self":[{"href":"https:\/\/www.hs-kabeltechnik.at\/pl\/wp-json\/wp\/v2\/posts\/11587","targetHints":{"allow":["GET"]}}],"collection":[{"href":"https:\/\/www.hs-kabeltechnik.at\/pl\/wp-json\/wp\/v2\/posts"}],"about":[{"href":"https:\/\/www.hs-kabeltechnik.at\/pl\/wp-json\/wp\/v2\/types\/post"}],"author":[{"embeddable":true,"href":"https:\/\/www.hs-kabeltechnik.at\/pl\/wp-json\/wp\/v2\/users\/5"}],"replies":[{"embeddable":true,"href":"https:\/\/www.hs-kabeltechnik.at\/pl\/wp-json\/wp\/v2\/comments?post=11587"}],"version-history":[{"count":4,"href":"https:\/\/www.hs-kabeltechnik.at\/pl\/wp-json\/wp\/v2\/posts\/11587\/revisions"}],"predecessor-version":[{"id":11600,"href":"https:\/\/www.hs-kabeltechnik.at\/pl\/wp-json\/wp\/v2\/posts\/11587\/revisions\/11600"}],"wp:featuredmedia":[{"embeddable":true,"href":"https:\/\/www.hs-kabeltechnik.at\/pl\/wp-json\/wp\/v2\/media\/11562"}],"wp:attachment":[{"href":"https:\/\/www.hs-kabeltechnik.at\/pl\/wp-json\/wp\/v2\/media?parent=11587"}],"wp:term":[{"taxonomy":"category","embeddable":true,"href":"https:\/\/www.hs-kabeltechnik.at\/pl\/wp-json\/wp\/v2\/categories?post=11587"},{"taxonomy":"post_tag","embeddable":true,"href":"https:\/\/www.hs-kabeltechnik.at\/pl\/wp-json\/wp\/v2\/tags?post=11587"}],"curies":[{"name":"wp","href":"https:\/\/api.w.org\/{rel}","templated":true}]}}