{"id":11359,"date":"2025-03-24T14:11:21","date_gmt":"2025-03-24T14:11:21","guid":{"rendered":"https:\/\/p-ga7ckg.project.space\/ish-frankfurt-2025\/"},"modified":"2025-03-25T06:59:56","modified_gmt":"2025-03-25T06:59:56","slug":"ish-frankfurt-2025","status":"publish","type":"post","link":"https:\/\/www.hs-kabeltechnik.at\/pl\/ish-frankfurt-2025\/","title":{"rendered":"ISH Frankfurt 2025"},"content":{"rendered":"\t\t<div data-elementor-type=\"wp-post\" data-elementor-id=\"11359\" class=\"elementor elementor-11359 elementor-11263\" data-elementor-post-type=\"post\">\n\t\t\t\t\t\t<section class=\"elementor-section elementor-top-section elementor-element elementor-element-cab1dda elementor-section-boxed elementor-section-height-default elementor-section-height-default\" data-id=\"cab1dda\" data-element_type=\"section\">\n\t\t\t\t\t\t<div class=\"elementor-container elementor-column-gap-default\">\n\t\t\t\t\t<div class=\"elementor-column elementor-col-100 elementor-top-column elementor-element elementor-element-af8c97e\" data-id=\"af8c97e\" data-element_type=\"column\">\n\t\t\t<div class=\"elementor-widget-wrap elementor-element-populated\">\n\t\t\t\t\t\t<div class=\"elementor-element elementor-element-1bb0b5d elementor-widget elementor-widget-heading\" data-id=\"1bb0b5d\" data-element_type=\"widget\" data-widget_type=\"heading.default\">\n\t\t\t\t<div class=\"elementor-widget-container\">\n\t\t\t\t\t<h3 class=\"elementor-heading-title elementor-size-default\">MARZEC 2025<\/h3>\t\t\t\t<\/div>\n\t\t\t\t<\/div>\n\t\t\t\t\t<\/div>\n\t\t<\/div>\n\t\t\t\t\t<\/div>\n\t\t<\/section>\n\t\t\t\t<section class=\"elementor-section elementor-top-section elementor-element elementor-element-a6f6f07 elementor-section-boxed elementor-section-height-default elementor-section-height-default\" data-id=\"a6f6f07\" data-element_type=\"section\">\n\t\t\t\t\t\t<div class=\"elementor-container elementor-column-gap-default\">\n\t\t\t\t\t<div class=\"elementor-column elementor-col-100 elementor-top-column elementor-element elementor-element-83d7f76\" data-id=\"83d7f76\" data-element_type=\"column\">\n\t\t\t<div class=\"elementor-widget-wrap elementor-element-populated\">\n\t\t\t\t\t\t<div class=\"elementor-element elementor-element-38ecdc8 elementor-widget elementor-widget-heading\" data-id=\"38ecdc8\" data-element_type=\"widget\" data-widget_type=\"heading.default\">\n\t\t\t\t<div class=\"elementor-widget-container\">\n\t\t\t\t\t<h3 class=\"elementor-heading-title elementor-size-default\"><a href=\"https:\/\/hs-kabeltechnik.at\/pl\/hs-kabeltechnik-wciaz-sie-rozwija\/\">Cyfryzacja i zr\u00f3wnowa\u017cony rozw\u00f3j - ISH 2025 wskazuje drog\u0119 naprz\u00f3d<\/a><\/h3>\t\t\t\t<\/div>\n\t\t\t\t<\/div>\n\t\t\t\t\t<\/div>\n\t\t<\/div>\n\t\t\t\t\t<\/div>\n\t\t<\/section>\n\t\t\t\t<section class=\"elementor-section elementor-top-section elementor-element elementor-element-1293c70 elementor-section-boxed elementor-section-height-default elementor-section-height-default\" data-id=\"1293c70\" data-element_type=\"section\">\n\t\t\t\t\t\t<div class=\"elementor-container elementor-column-gap-default\">\n\t\t\t\t\t<div class=\"elementor-column elementor-col-50 elementor-top-column elementor-element elementor-element-91483a7\" data-id=\"91483a7\" data-element_type=\"column\">\n\t\t\t<div class=\"elementor-widget-wrap elementor-element-populated\">\n\t\t\t\t\t\t<div class=\"elementor-element elementor-element-4530956 elementor-widget elementor-widget-text-editor\" data-id=\"4530956\" data-element_type=\"widget\" data-widget_type=\"text-editor.default\">\n\t\t\t\t<div class=\"elementor-widget-container\">\n\t\t\t\t\t\t\t\t\t<p>5 dni pe\u0142nych dobrych dyskusji, imponuj\u0105cych nowych produkt\u00f3w i targowego zgie\u0142ku: <br \/>Wraz z naszym dobrym partnerem <a href=\u201ehttps:\/\/www.testo-sensor.de\/\u201d>Testo Sensor<\/a>, ju\u017c po raz pi\u0105ty wystawiali\u015bmy si\u0119 na targach ISH we Frankfurcie.<\/p>\r\n<p>W obliczu zmian klimatycznych i rosn\u0105cych wymaga\u0144 \u015brodowiskowych, zr\u00f3wnowa\u017cone wykorzystanie wody, ciep\u0142a i powietrza staje si\u0119 coraz wa\u017cniejsze. Targi ISH 2025 pokaza\u0142y, jak zdecydowanie bran\u017ca kszta\u0142tuje zmiany: Zaprezentowano wi\u0119cej innowacji ni\u017c kiedykolwiek wcze\u015bniej: Od nowych rozwi\u0105za\u0144 grzewczych i klimatyzacyjnych po inteligentne zarz\u0105dzanie wod\u0105, zr\u00f3wnowa\u017cone rozwi\u0105zania s\u0105 opracowywane w ka\u017cdym obszarze.<\/p\r\n\t\t\t\t\t\t\t\t<\/div>\n\t\t\t\t<\/div>\n\t\t\t\t\t<\/div>\n\t\t<\/div>\n\t\t\t\t<div class=\"elementor-column elementor-col-50 elementor-top-column elementor-element elementor-element-2766105\" data-id=\"2766105\" data-element_type=\"column\">\n\t\t\t<div class=\"elementor-widget-wrap elementor-element-populated\">\n\t\t\t\t\t\t<div class=\"elementor-element elementor-element-3c28206 elementor-widget elementor-widget-image\" data-id=\"3c28206\" data-element_type=\"widget\" data-widget_type=\"image.default\">\n\t\t\t\t<div class=\"elementor-widget-container\">\n\t\t\t\t\t\t\t\t\t\t\t\t\t\t\t<img fetchpriority=\"high\" decoding=\"async\" width=\"1024\" height=\"683\" src=\"https:\/\/www.hs-kabeltechnik.at\/wp-content\/uploads\/2025\/03\/ISH-Frankfurt-Messegelaende-1024x683.jpg\" class=\"attachment-large size-large wp-image-11268\" alt=\"Centrum wystawowe ISH Frankfur\" srcset=\"https:\/\/www.hs-kabeltechnik.at\/wp-content\/uploads\/2025\/03\/ISH-Frankfurt-Messegelaende-1024x683.jpg 1024w, https:\/\/www.hs-kabeltechnik.at\/wp-content\/uploads\/2025\/03\/ISH-Frankfurt-Messegelaende-300x200.jpg 300w, https:\/\/www.hs-kabeltechnik.at\/wp-content\/uploads\/2025\/03\/ISH-Frankfurt-Messegelaende-768x512.jpg 768w, https:\/\/www.hs-kabeltechnik.at\/wp-content\/uploads\/2025\/03\/ISH-Frankfurt-Messegelaende-1536x1024.jpg 1536w, https:\/\/www.hs-kabeltechnik.at\/wp-content\/uploads\/2025\/03\/ISH-Frankfurt-Messegelaende-2048x1366.jpg 2048w\" sizes=\"(max-width: 1024px) 100vw, 1024px\" \/>\t\t\t\t\t\t\t\t\t\t\t\t\t\t\t<\/div>\n\t\t\t\t<\/div>\n\t\t\t\t\t<\/div>\n\t\t<\/div>\n\t\t\t\t\t<\/div>\n\t\t<\/section>\n\t\t\t\t<section class=\"elementor-section elementor-top-section elementor-element elementor-element-32cc23a elementor-section-boxed elementor-section-height-default elementor-section-height-default\" data-id=\"32cc23a\" data-element_type=\"section\">\n\t\t\t\t\t\t<div class=\"elementor-container elementor-column-gap-default\">\n\t\t\t\t\t<div class=\"elementor-column elementor-col-50 elementor-top-column elementor-element elementor-element-8ad954d\" data-id=\"8ad954d\" data-element_type=\"column\">\n\t\t\t<div class=\"elementor-widget-wrap elementor-element-populated\">\n\t\t\t\t\t\t<div class=\"elementor-element elementor-element-4dd9a13 elementor-widget elementor-widget-text-editor\" data-id=\"4dd9a13\" data-element_type=\"widget\" data-widget_type=\"text-editor.default\">\n\t\t\t\t<div class=\"elementor-widget-container\">\n\t\t\t\t\t\t\t\t\t<p>Targi by\u0142y zdecydowanie kolejn\u0105 atrakcj\u0105 tegorocznego kalendarza targowego:<\/p>\r\n<ul>\r\n<li>163 157 odwiedzaj\u0105cych ze 150 kraj\u00f3w<\/li>\r\n<li>72 procent mi\u0119dzynarodowych wystawc\u00f3w z 54 kraj\u00f3w<\/li>\r\n<li>Zaj\u0119cie ca\u0142ego centrum wystawowego we Frankfurcie<\/li>\r\n<\/ul>\t\t\t\t\t\t\t\t<\/div>\n\t\t\t\t<\/div>\n\t\t\t\t\t<\/div>\n\t\t<\/div>\n\t\t\t\t<div class=\"elementor-column elementor-col-50 elementor-top-column elementor-element elementor-element-89b41c4\" data-id=\"89b41c4\" data-element_type=\"column\">\n\t\t\t<div class=\"elementor-widget-wrap elementor-element-populated\">\n\t\t\t\t\t\t<div class=\"elementor-element elementor-element-f65ed72 elementor-widget elementor-widget-image\" data-id=\"f65ed72\" data-element_type=\"widget\" data-widget_type=\"image.default\">\n\t\t\t\t<div class=\"elementor-widget-container\">\n\t\t\t\t\t\t\t\t\t\t\t\t\t\t\t<img decoding=\"async\" width=\"1024\" height=\"825\" src=\"https:\/\/www.hs-kabeltechnik.at\/wp-content\/uploads\/2025\/03\/Messestand-2025-Standpersonal-ISH-Frankfurt-1024x825.png\" class=\"attachment-large size-large wp-image-11328\" alt=\"Stoisko 2025 Personel stoiska ISH Frankfurt\" srcset=\"https:\/\/www.hs-kabeltechnik.at\/wp-content\/uploads\/2025\/03\/Messestand-2025-Standpersonal-ISH-Frankfurt-1024x825.png 1024w, https:\/\/www.hs-kabeltechnik.at\/wp-content\/uploads\/2025\/03\/Messestand-2025-Standpersonal-ISH-Frankfurt-300x242.png 300w, https:\/\/www.hs-kabeltechnik.at\/wp-content\/uploads\/2025\/03\/Messestand-2025-Standpersonal-ISH-Frankfurt-768x618.png 768w, https:\/\/www.hs-kabeltechnik.at\/wp-content\/uploads\/2025\/03\/Messestand-2025-Standpersonal-ISH-Frankfurt-1536x1237.png 1536w, https:\/\/www.hs-kabeltechnik.at\/wp-content\/uploads\/2025\/03\/Messestand-2025-Standpersonal-ISH-Frankfurt-2048x1649.png 2048w\" sizes=\"(max-width: 1024px) 100vw, 1024px\" \/>\t\t\t\t\t\t\t\t\t\t\t\t\t\t\t<\/div>\n\t\t\t\t<\/div>\n\t\t\t\t\t<\/div>\n\t\t<\/div>\n\t\t\t\t\t<\/div>\n\t\t<\/section>\n\t\t\t\t<section class=\"elementor-section elementor-top-section elementor-element elementor-element-f448622 elementor-section-boxed elementor-section-height-default elementor-section-height-default\" data-id=\"f448622\" data-element_type=\"section\">\n\t\t\t\t\t\t<div class=\"elementor-container elementor-column-gap-default\">\n\t\t\t\t\t<div class=\"elementor-column elementor-col-100 elementor-top-column elementor-element elementor-element-944a81d\" data-id=\"944a81d\" data-element_type=\"column\">\n\t\t\t<div class=\"elementor-widget-wrap elementor-element-populated\">\n\t\t\t\t\t\t<div class=\"elementor-element elementor-element-7bc55e3 elementor-widget elementor-widget-text-editor\" data-id=\"7bc55e3\" data-element_type=\"widget\" data-widget_type=\"text-editor.default\">\n\t\t\t\t<div class=\"elementor-widget-container\">\n\t\t\t\t\t\t\t\t\t<h4>Prezentujemy nasze najnowsze produkty na targach ISH FRANKFURT:<\/h4 \n\n\t\t\t\t\t\t\t\t<\/div>\n\t\t\t\t<\/div>\n\t\t\t\t\t<\/div>\n\t\t<\/div>\n\t\t\t\t\t<\/div>\n\t\t<\/section>\n\t\t\t\t<section class=\"elementor-section elementor-top-section elementor-element elementor-element-f801d58 elementor-section-boxed elementor-section-height-default elementor-section-height-default\" data-id=\"f801d58\" data-element_type=\"section\">\n\t\t\t\t\t\t<div class=\"elementor-container elementor-column-gap-default\">\n\t\t\t\t\t<div class=\"elementor-column elementor-col-50 elementor-top-column elementor-element elementor-element-568137b\" data-id=\"568137b\" data-element_type=\"column\">\n\t\t\t<div class=\"elementor-widget-wrap elementor-element-populated\">\n\t\t\t\t\t\t<div class=\"elementor-element elementor-element-45406eb elementor-cta--skin-classic elementor-animated-content elementor-bg-transform elementor-bg-transform-zoom-in elementor-widget elementor-widget-call-to-action\" data-id=\"45406eb\" data-element_type=\"widget\" data-widget_type=\"call-to-action.default\">\n\t\t\t\t<div class=\"elementor-widget-container\">\n\t\t\t\t\t\t\t<div class=\"elementor-cta\">\n\t\t\t\t\t<div class=\"elementor-cta__bg-wrapper\">\n\t\t\t\t<div class=\"elementor-cta__bg elementor-bg\" style=\"background-image: url(https:\/\/www.hs-kabeltechnik.at\/wp-content\/uploads\/2025\/03\/Belt_Silicon_Heater-1024x768.jpg);\" role=\"img\" aria-label=\"Heizg\u00fcrtel\"><\/div>\n\t\t\t\t<div class=\"elementor-cta__bg-overlay\"><\/div>\n\t\t\t<\/div>\n\t\t\t\t\t\t\t<div class=\"elementor-cta__content\">\n\t\t\t\t\n\t\t\t\t\t\t\t\t\t<h2 class=\"elementor-cta__title elementor-cta__content-item elementor-content-item\">\n\t\t\t\t\t\tSilikonowy pas grzewczy\t\t\t\t\t<\/h2>\n\t\t\t\t\n\t\t\t\t\t\t\t\t\t<div class=\"elementor-cta__description elementor-cta__content-item elementor-content-item\">\n\t\t\t\t\t\t<p>dla pompy ciep\u0142a<\/p>\n\t\t\t\t\t<\/div>\n\t\t\t\t\n\t\t\t\t\t\t\t\t\t<div class=\"elementor-cta__button-wrapper elementor-cta__content-item elementor-content-item \">\n\t\t\t\t\t<a class=\"elementor-cta__button elementor-button elementor-size-\" href=\"https:\/\/hs-kabeltechnik.at\/wp-content\/uploads\/2025\/03\/Electric-Charger-Katalog-HS-Sensortechnik.pdf\">\n\t\t\t\t\t\tWi\u0119cej informacji tutaj\t\t\t\t\t<\/a>\n\t\t\t\t\t<\/div>\n\t\t\t\t\t\t\t<\/div>\n\t\t\t\t\t\t<\/div>\n\t\t\t\t\t\t<\/div>\n\t\t\t\t<\/div>\n\t\t\t\t\t<\/div>\n\t\t<\/div>\n\t\t\t\t<div class=\"elementor-column elementor-col-50 elementor-top-column elementor-element elementor-element-fe86717\" data-id=\"fe86717\" data-element_type=\"column\">\n\t\t\t<div class=\"elementor-widget-wrap elementor-element-populated\">\n\t\t\t\t\t\t<div class=\"elementor-element elementor-element-ce7f2a2 elementor-cta--skin-classic elementor-animated-content elementor-bg-transform elementor-bg-transform-zoom-in elementor-widget elementor-widget-call-to-action\" data-id=\"ce7f2a2\" data-element_type=\"widget\" data-widget_type=\"call-to-action.default\">\n\t\t\t\t<div class=\"elementor-widget-container\">\n\t\t\t\t\t\t\t<div class=\"elementor-cta\">\n\t\t\t\t\t<div class=\"elementor-cta__bg-wrapper\">\n\t\t\t\t<div class=\"elementor-cta__bg elementor-bg\" style=\"background-image: url(https:\/\/www.hs-kabeltechnik.at\/wp-content\/uploads\/2025\/03\/Breitbandsonde-1024x682.jpg);\" role=\"img\" aria-label=\"Breitbandsonde\"><\/div>\n\t\t\t\t<div class=\"elementor-cta__bg-overlay\"><\/div>\n\t\t\t<\/div>\n\t\t\t\t\t\t\t<div class=\"elementor-cta__content\">\n\t\t\t\t\n\t\t\t\t\t\t\t\t\t<h2 class=\"elementor-cta__title elementor-cta__content-item elementor-content-item\">\n\t\t\t\t\t\tSonda szerokopasmowa\t\t\t\t\t<\/h2>\n\t\t\t\t\n\t\t\t\t\t\t\t\t\t<div class=\"elementor-cta__description elementor-cta__content-item elementor-content-item\">\n\t\t\t\t\t\t<p>do ogrzewania gazowego i H2<\/p>\n\t\t\t\t\t<\/div>\n\t\t\t\t\n\t\t\t\t\t\t\t\t\t<div class=\"elementor-cta__button-wrapper elementor-cta__content-item elementor-content-item \">\n\t\t\t\t\t<a class=\"elementor-cta__button elementor-button elementor-size-\" href=\"https:\/\/hs-kabeltechnik.at\/wp-content\/uploads\/2025\/03\/Electric-Charger-Katalog-HS-Sensortechnik.pdf\">\n\t\t\t\t\t\tWi\u0119cej informacji tutaj\t\t\t\t\t<\/a>\n\t\t\t\t\t<\/div>\n\t\t\t\t\t\t\t<\/div>\n\t\t\t\t\t\t<\/div>\n\t\t\t\t\t\t<\/div>\n\t\t\t\t<\/div>\n\t\t\t\t\t<\/div>\n\t\t<\/div>\n\t\t\t\t\t<\/div>\n\t\t<\/section>\n\t\t\t\t<section class=\"elementor-section elementor-top-section elementor-element elementor-element-6ef58ec elementor-section-boxed elementor-section-height-default elementor-section-height-default\" data-id=\"6ef58ec\" data-element_type=\"section\">\n\t\t\t\t\t\t<div class=\"elementor-container elementor-column-gap-default\">\n\t\t\t\t\t<div class=\"elementor-column elementor-col-100 elementor-top-column elementor-element elementor-element-8a400fc\" data-id=\"8a400fc\" data-element_type=\"column\">\n\t\t\t<div class=\"elementor-widget-wrap elementor-element-populated\">\n\t\t\t\t\t\t<div class=\"elementor-element elementor-element-1240adc elementor-widget elementor-widget-image\" data-id=\"1240adc\" data-element_type=\"widget\" data-widget_type=\"image.default\">\n\t\t\t\t<div class=\"elementor-widget-container\">\n\t\t\t\t\t\t\t\t\t\t\t\t\t\t\t<img decoding=\"async\" src=\"https:\/\/hs-kabeltechnik.at\/wp-content\/uploads\/2025\/03\/Breitbandsonde-Katalog-Niterra-Neu-1.pdf\" title=\"\" alt=\"\" loading=\"lazy\" \/>\t\t\t\t\t\t\t\t\t\t\t\t\t\t\t<\/div>\n\t\t\t\t<\/div>\n\t\t\t\t\t<\/div>\n\t\t<\/div>\n\t\t\t\t\t<\/div>\n\t\t<\/section>\n\t\t\t\t<section class=\"elementor-section elementor-top-section elementor-element elementor-element-8e31d9e elementor-section-boxed elementor-section-height-default elementor-section-height-default\" data-id=\"8e31d9e\" data-element_type=\"section\">\n\t\t\t\t\t\t<div class=\"elementor-container elementor-column-gap-default\">\n\t\t\t\t\t<div class=\"elementor-column elementor-col-100 elementor-top-column elementor-element elementor-element-fa305f3\" data-id=\"fa305f3\" data-element_type=\"column\">\n\t\t\t<div class=\"elementor-widget-wrap elementor-element-populated\">\n\t\t\t\t\t\t<div class=\"elementor-element elementor-element-c0c890a elementor-widget elementor-widget-text-editor\" data-id=\"c0c890a\" data-element_type=\"widget\" data-widget_type=\"text-editor.default\">\n\t\t\t\t<div class=\"elementor-widget-container\">\n\t\t\t\t\t\t\t\t\t<p>Jako jeden z 2183 wystawc\u00f3w, chcieliby\u015bmy szczeg\u00f3lnie podzi\u0119kowa\u0107 tym, kt\u00f3rzy odwiedzili nasze stoisko i prowadzili konstruktywne dyskusje.<\/p> <p>Z niecierpliwo\u015bci\u0105 czekamy na zapytania i do zobaczenia ponownie: w 2027 r., kiedy to motto ponownie otworzy drzwi do rozwi\u0105za\u0144 przysz\u0142o\u015bci.\r\n<p>Z niecierpliwo\u015bci\u0105 czekamy na Pa\u0144stwa zapytania i do zobaczenia ponownie w 2027 r.: 15-19 marca we Frankfurcie, kiedy motto ponownie b\u0119dzie brzmia\u0142o: Otw\u00f3rz drzwi do nowych rozwi\u0105za\u0144 przysz\u0142o\u015bci.<\/p>\r\n\t\t\t\t\t\t\t\t<\/div>\n\t\t\t\t<\/div>\n\t\t\t\t\t<\/div>\n\t\t<\/div>\n\t\t\t\t\t<\/div>\n\t\t<\/section>\n\t\t\t\t<section class=\"elementor-section elementor-top-section elementor-element elementor-element-dfd9116 elementor-section-boxed elementor-section-height-default elementor-section-height-default\" data-id=\"dfd9116\" data-element_type=\"section\">\n\t\t\t\t\t\t<div class=\"elementor-container elementor-column-gap-default\">\n\t\t\t\t\t<div class=\"elementor-column elementor-col-100 elementor-top-column elementor-element elementor-element-a598e71\" data-id=\"a598e71\" data-element_type=\"column\">\n\t\t\t<div class=\"elementor-widget-wrap elementor-element-populated\">\n\t\t\t\t\t\t<div class=\"elementor-element elementor-element-3ac0578 elementor-widget-divider--view-line elementor-widget elementor-widget-divider\" data-id=\"3ac0578\" data-element_type=\"widget\" data-widget_type=\"divider.default\">\n\t\t\t\t<div class=\"elementor-widget-container\">\n\t\t\t\t\t\t\t<div class=\"elementor-divider\">\n\t\t\t<span class=\"elementor-divider-separator\">\n\t\t\t\t\t\t<\/span>\n\t\t<\/div>\n\t\t\t\t\t\t<\/div>\n\t\t\t\t<\/div>\n\t\t\t\t\t<\/div>\n\t\t<\/div>\n\t\t\t\t\t<\/div>\n\t\t<\/section>\n\t\t\t\t<section class=\"elementor-section elementor-top-section elementor-element elementor-element-cf973bb elementor-section-boxed elementor-section-height-default elementor-section-height-default\" data-id=\"cf973bb\" data-element_type=\"section\">\n\t\t\t\t\t\t<div class=\"elementor-container elementor-column-gap-default\">\n\t\t\t\t\t<div class=\"elementor-column elementor-col-100 elementor-top-column elementor-element elementor-element-596cfd3\" data-id=\"596cfd3\" data-element_type=\"column\">\n\t\t\t<div class=\"elementor-widget-wrap elementor-element-populated\">\n\t\t\t\t\t\t<div class=\"elementor-element elementor-element-4b4f616 elementor-widget elementor-widget-heading\" data-id=\"4b4f616\" data-element_type=\"widget\" data-widget_type=\"heading.default\">\n\t\t\t\t<div class=\"elementor-widget-container\">\n\t\t\t\t\t<h3 class=\"elementor-heading-title elementor-size-default\">Podr\u00f3\u017c w czasie z naszych targ\u00f3w ISH we Frankfurcie<\/h3>\t\t\t\t<\/div>\n\t\t\t\t<\/div>\n\t\t\t\t\t<\/div>\n\t\t<\/div>\n\t\t\t\t\t<\/div>\n\t\t<\/section>\n\t\t\t\t<section class=\"elementor-section elementor-top-section elementor-element elementor-element-d0a99b1 elementor-section-boxed elementor-section-height-default elementor-section-height-default\" data-id=\"d0a99b1\" data-element_type=\"section\">\n\t\t\t\t\t\t<div class=\"elementor-container elementor-column-gap-default\">\n\t\t\t\t\t<div class=\"elementor-column elementor-col-20 elementor-top-column elementor-element elementor-element-240574d\" data-id=\"240574d\" data-element_type=\"column\">\n\t\t\t<div class=\"elementor-widget-wrap elementor-element-populated\">\n\t\t\t\t\t\t<div class=\"elementor-element elementor-element-3346b7c elementor-widget elementor-widget-heading\" data-id=\"3346b7c\" data-element_type=\"widget\" data-widget_type=\"heading.default\">\n\t\t\t\t<div class=\"elementor-widget-container\">\n\t\t\t\t\t<h4 class=\"elementor-heading-title elementor-size-default\">2015<\/h4>\t\t\t\t<\/div>\n\t\t\t\t<\/div>\n\t\t\t\t\t<\/div>\n\t\t<\/div>\n\t\t\t\t<div class=\"elementor-column elementor-col-20 elementor-top-column elementor-element elementor-element-6d9926f\" data-id=\"6d9926f\" data-element_type=\"column\">\n\t\t\t<div class=\"elementor-widget-wrap elementor-element-populated\">\n\t\t\t\t\t\t<div class=\"elementor-element elementor-element-522fb91 elementor-widget elementor-widget-heading\" data-id=\"522fb91\" data-element_type=\"widget\" data-widget_type=\"heading.default\">\n\t\t\t\t<div class=\"elementor-widget-container\">\n\t\t\t\t\t<h4 class=\"elementor-heading-title elementor-size-default\">2017<\/h4>\t\t\t\t<\/div>\n\t\t\t\t<\/div>\n\t\t\t\t\t<\/div>\n\t\t<\/div>\n\t\t\t\t<div class=\"elementor-column elementor-col-20 elementor-top-column elementor-element elementor-element-a13a6c9\" data-id=\"a13a6c9\" data-element_type=\"column\">\n\t\t\t<div class=\"elementor-widget-wrap elementor-element-populated\">\n\t\t\t\t\t\t<div class=\"elementor-element elementor-element-fcdfb9b elementor-widget elementor-widget-heading\" data-id=\"fcdfb9b\" data-element_type=\"widget\" data-widget_type=\"heading.default\">\n\t\t\t\t<div class=\"elementor-widget-container\">\n\t\t\t\t\t<h4 class=\"elementor-heading-title elementor-size-default\">2019<\/h4>\t\t\t\t<\/div>\n\t\t\t\t<\/div>\n\t\t\t\t\t<\/div>\n\t\t<\/div>\n\t\t\t\t<div class=\"elementor-column elementor-col-20 elementor-top-column elementor-element elementor-element-332913f\" data-id=\"332913f\" data-element_type=\"column\">\n\t\t\t<div class=\"elementor-widget-wrap elementor-element-populated\">\n\t\t\t\t\t\t<div class=\"elementor-element elementor-element-724d1a1 elementor-widget elementor-widget-heading\" data-id=\"724d1a1\" data-element_type=\"widget\" data-widget_type=\"heading.default\">\n\t\t\t\t<div class=\"elementor-widget-container\">\n\t\t\t\t\t<h4 class=\"elementor-heading-title elementor-size-default\">2023<\/h4>\t\t\t\t<\/div>\n\t\t\t\t<\/div>\n\t\t\t\t\t<\/div>\n\t\t<\/div>\n\t\t\t\t<div class=\"elementor-column elementor-col-20 elementor-top-column elementor-element elementor-element-d07f779\" data-id=\"d07f779\" data-element_type=\"column\">\n\t\t\t<div class=\"elementor-widget-wrap elementor-element-populated\">\n\t\t\t\t\t\t<div class=\"elementor-element elementor-element-65ac380 elementor-widget elementor-widget-heading\" data-id=\"65ac380\" data-element_type=\"widget\" data-widget_type=\"heading.default\">\n\t\t\t\t<div class=\"elementor-widget-container\">\n\t\t\t\t\t<h4 class=\"elementor-heading-title elementor-size-default\">2025<\/h4>\t\t\t\t<\/div>\n\t\t\t\t<\/div>\n\t\t\t\t\t<\/div>\n\t\t<\/div>\n\t\t\t\t\t<\/div>\n\t\t<\/section>\n\t\t\t\t<section class=\"elementor-section elementor-top-section elementor-element elementor-element-f191ba7 elementor-section-boxed elementor-section-height-default elementor-section-height-default\" data-id=\"f191ba7\" data-element_type=\"section\">\n\t\t\t\t\t\t<div class=\"elementor-container elementor-column-gap-default\">\n\t\t\t\t\t<div class=\"elementor-column elementor-col-20 elementor-top-column elementor-element elementor-element-915f038\" data-id=\"915f038\" data-element_type=\"column\">\n\t\t\t<div class=\"elementor-widget-wrap elementor-element-populated\">\n\t\t\t\t\t\t<div class=\"elementor-element elementor-element-6c3d4f1 elementor-widget elementor-widget-image\" data-id=\"6c3d4f1\" data-element_type=\"widget\" data-widget_type=\"image.default\">\n\t\t\t\t<div class=\"elementor-widget-container\">\n\t\t\t\t\t\t\t\t\t\t\t\t\t\t\t<img decoding=\"async\" width=\"1024\" height=\"825\" src=\"https:\/\/www.hs-kabeltechnik.at\/wp-content\/uploads\/2025\/03\/Messestand-2015-Christian-Hochegger-HS-Kabeltechnik-1024x825.png\" class=\"attachment-large size-large wp-image-11333\" alt=\"Stoisko wystawowe 2015 Christian Hochegger H&amp;S Kabeltechnik\" srcset=\"https:\/\/www.hs-kabeltechnik.at\/wp-content\/uploads\/2025\/03\/Messestand-2015-Christian-Hochegger-HS-Kabeltechnik-1024x825.png 1024w, https:\/\/www.hs-kabeltechnik.at\/wp-content\/uploads\/2025\/03\/Messestand-2015-Christian-Hochegger-HS-Kabeltechnik-300x242.png 300w, https:\/\/www.hs-kabeltechnik.at\/wp-content\/uploads\/2025\/03\/Messestand-2015-Christian-Hochegger-HS-Kabeltechnik-768x618.png 768w, https:\/\/www.hs-kabeltechnik.at\/wp-content\/uploads\/2025\/03\/Messestand-2015-Christian-Hochegger-HS-Kabeltechnik-1536x1237.png 1536w, https:\/\/www.hs-kabeltechnik.at\/wp-content\/uploads\/2025\/03\/Messestand-2015-Christian-Hochegger-HS-Kabeltechnik-2048x1649.png 2048w\" sizes=\"(max-width: 1024px) 100vw, 1024px\" \/>\t\t\t\t\t\t\t\t\t\t\t\t\t\t\t<\/div>\n\t\t\t\t<\/div>\n\t\t\t\t\t<\/div>\n\t\t<\/div>\n\t\t\t\t<div class=\"elementor-column elementor-col-20 elementor-top-column elementor-element elementor-element-686efea\" data-id=\"686efea\" data-element_type=\"column\">\n\t\t\t<div class=\"elementor-widget-wrap elementor-element-populated\">\n\t\t\t\t\t\t<div class=\"elementor-element elementor-element-8250e2d elementor-widget elementor-widget-image\" data-id=\"8250e2d\" data-element_type=\"widget\" data-widget_type=\"image.default\">\n\t\t\t\t<div class=\"elementor-widget-container\">\n\t\t\t\t\t\t\t\t\t\t\t\t\t\t\t<img loading=\"lazy\" decoding=\"async\" width=\"1024\" height=\"825\" src=\"https:\/\/www.hs-kabeltechnik.at\/wp-content\/uploads\/2025\/03\/Messestand-2017-erster-eigener-Stand-ISH-Frankfurt-1024x825.png\" class=\"attachment-large size-large wp-image-11343\" alt=\"Stoisko targowe 2017 pierwsze w\u0142asne stoisko ISH Frankfurt\" srcset=\"https:\/\/www.hs-kabeltechnik.at\/wp-content\/uploads\/2025\/03\/Messestand-2017-erster-eigener-Stand-ISH-Frankfurt-1024x825.png 1024w, https:\/\/www.hs-kabeltechnik.at\/wp-content\/uploads\/2025\/03\/Messestand-2017-erster-eigener-Stand-ISH-Frankfurt-300x242.png 300w, https:\/\/www.hs-kabeltechnik.at\/wp-content\/uploads\/2025\/03\/Messestand-2017-erster-eigener-Stand-ISH-Frankfurt-768x618.png 768w, https:\/\/www.hs-kabeltechnik.at\/wp-content\/uploads\/2025\/03\/Messestand-2017-erster-eigener-Stand-ISH-Frankfurt-1536x1237.png 1536w, https:\/\/www.hs-kabeltechnik.at\/wp-content\/uploads\/2025\/03\/Messestand-2017-erster-eigener-Stand-ISH-Frankfurt-2048x1649.png 2048w\" sizes=\"(max-width: 1024px) 100vw, 1024px\" \/>\t\t\t\t\t\t\t\t\t\t\t\t\t\t\t<\/div>\n\t\t\t\t<\/div>\n\t\t\t\t\t<\/div>\n\t\t<\/div>\n\t\t\t\t<div class=\"elementor-column elementor-col-20 elementor-top-column elementor-element elementor-element-933319a\" data-id=\"933319a\" data-element_type=\"column\">\n\t\t\t<div class=\"elementor-widget-wrap elementor-element-populated\">\n\t\t\t\t\t\t<div class=\"elementor-element elementor-element-fc6ca38 elementor-widget elementor-widget-image\" data-id=\"fc6ca38\" data-element_type=\"widget\" data-widget_type=\"image.default\">\n\t\t\t\t<div class=\"elementor-widget-container\">\n\t\t\t\t\t\t\t\t\t\t\t\t\t\t\t<img loading=\"lazy\" decoding=\"async\" width=\"1024\" height=\"825\" src=\"https:\/\/www.hs-kabeltechnik.at\/wp-content\/uploads\/2025\/03\/Messestand-2019-ISH-Frankfurt-HS-Kabeltechnik-1024x825.png\" class=\"attachment-large size-large wp-image-11303\" alt=\"Stoisko wystawiennicze 2019 ISH Frankfurt H&amp;S Kabeltechnik\" srcset=\"https:\/\/www.hs-kabeltechnik.at\/wp-content\/uploads\/2025\/03\/Messestand-2019-ISH-Frankfurt-HS-Kabeltechnik-1024x825.png 1024w, https:\/\/www.hs-kabeltechnik.at\/wp-content\/uploads\/2025\/03\/Messestand-2019-ISH-Frankfurt-HS-Kabeltechnik-300x242.png 300w, https:\/\/www.hs-kabeltechnik.at\/wp-content\/uploads\/2025\/03\/Messestand-2019-ISH-Frankfurt-HS-Kabeltechnik-768x618.png 768w, https:\/\/www.hs-kabeltechnik.at\/wp-content\/uploads\/2025\/03\/Messestand-2019-ISH-Frankfurt-HS-Kabeltechnik-1536x1237.png 1536w, https:\/\/www.hs-kabeltechnik.at\/wp-content\/uploads\/2025\/03\/Messestand-2019-ISH-Frankfurt-HS-Kabeltechnik-2048x1649.png 2048w\" sizes=\"(max-width: 1024px) 100vw, 1024px\" \/>\t\t\t\t\t\t\t\t\t\t\t\t\t\t\t<\/div>\n\t\t\t\t<\/div>\n\t\t\t\t\t<\/div>\n\t\t<\/div>\n\t\t\t\t<div class=\"elementor-column elementor-col-20 elementor-top-column elementor-element elementor-element-bdc9a00\" data-id=\"bdc9a00\" data-element_type=\"column\">\n\t\t\t<div class=\"elementor-widget-wrap elementor-element-populated\">\n\t\t\t\t\t\t<div class=\"elementor-element elementor-element-60d9410 elementor-widget elementor-widget-image\" data-id=\"60d9410\" data-element_type=\"widget\" data-widget_type=\"image.default\">\n\t\t\t\t<div class=\"elementor-widget-container\">\n\t\t\t\t\t\t\t\t\t\t\t\t\t\t\t<img loading=\"lazy\" decoding=\"async\" width=\"1024\" height=\"825\" src=\"https:\/\/www.hs-kabeltechnik.at\/wp-content\/uploads\/2025\/03\/Messestand-2023-gemeinsam-mit-Testo-ISH-1024x825.png\" class=\"attachment-large size-large wp-image-11313\" alt=\"Stoisko wystawiennicze 2023 wraz z Testo ISH\" srcset=\"https:\/\/www.hs-kabeltechnik.at\/wp-content\/uploads\/2025\/03\/Messestand-2023-gemeinsam-mit-Testo-ISH-1024x825.png 1024w, https:\/\/www.hs-kabeltechnik.at\/wp-content\/uploads\/2025\/03\/Messestand-2023-gemeinsam-mit-Testo-ISH-300x242.png 300w, https:\/\/www.hs-kabeltechnik.at\/wp-content\/uploads\/2025\/03\/Messestand-2023-gemeinsam-mit-Testo-ISH-768x618.png 768w, https:\/\/www.hs-kabeltechnik.at\/wp-content\/uploads\/2025\/03\/Messestand-2023-gemeinsam-mit-Testo-ISH-1536x1237.png 1536w, https:\/\/www.hs-kabeltechnik.at\/wp-content\/uploads\/2025\/03\/Messestand-2023-gemeinsam-mit-Testo-ISH-2048x1649.png 2048w\" sizes=\"(max-width: 1024px) 100vw, 1024px\" \/>\t\t\t\t\t\t\t\t\t\t\t\t\t\t\t<\/div>\n\t\t\t\t<\/div>\n\t\t\t\t\t<\/div>\n\t\t<\/div>\n\t\t\t\t<div class=\"elementor-column elementor-col-20 elementor-top-column elementor-element elementor-element-38dc81c\" data-id=\"38dc81c\" data-element_type=\"column\">\n\t\t\t<div class=\"elementor-widget-wrap elementor-element-populated\">\n\t\t\t\t\t\t<div class=\"elementor-element elementor-element-fbda96a elementor-widget elementor-widget-image\" data-id=\"fbda96a\" data-element_type=\"widget\" data-widget_type=\"image.default\">\n\t\t\t\t<div class=\"elementor-widget-container\">\n\t\t\t\t\t\t\t\t\t\t\t\t\t\t\t<img loading=\"lazy\" decoding=\"async\" width=\"1024\" height=\"825\" src=\"https:\/\/www.hs-kabeltechnik.at\/wp-content\/uploads\/2025\/03\/Messestand-2025-Messestand-mit-neuem-Design-ISH-1024x825.png\" class=\"attachment-large size-large wp-image-11323\" alt=\"Stoisko targowe 2025 Stoisko targowe z nowym designem ISH\" srcset=\"https:\/\/www.hs-kabeltechnik.at\/wp-content\/uploads\/2025\/03\/Messestand-2025-Messestand-mit-neuem-Design-ISH-1024x825.png 1024w, https:\/\/www.hs-kabeltechnik.at\/wp-content\/uploads\/2025\/03\/Messestand-2025-Messestand-mit-neuem-Design-ISH-300x242.png 300w, https:\/\/www.hs-kabeltechnik.at\/wp-content\/uploads\/2025\/03\/Messestand-2025-Messestand-mit-neuem-Design-ISH-768x618.png 768w, https:\/\/www.hs-kabeltechnik.at\/wp-content\/uploads\/2025\/03\/Messestand-2025-Messestand-mit-neuem-Design-ISH-1536x1237.png 1536w, https:\/\/www.hs-kabeltechnik.at\/wp-content\/uploads\/2025\/03\/Messestand-2025-Messestand-mit-neuem-Design-ISH-2048x1649.png 2048w\" sizes=\"(max-width: 1024px) 100vw, 1024px\" \/>\t\t\t\t\t\t\t\t\t\t\t\t\t\t\t<\/div>\n\t\t\t\t<\/div>\n\t\t\t\t\t<\/div>\n\t\t<\/div>\n\t\t\t\t\t<\/div>\n\t\t<\/section>\n\t\t\t\t<section class=\"elementor-section elementor-top-section elementor-element elementor-element-1360f81 elementor-section-boxed elementor-section-height-default elementor-section-height-default\" data-id=\"1360f81\" data-element_type=\"section\">\n\t\t\t\t\t\t<div class=\"elementor-container elementor-column-gap-default\">\n\t\t\t\t\t<div class=\"elementor-column elementor-col-20 elementor-top-column elementor-element elementor-element-a11d628\" data-id=\"a11d628\" data-element_type=\"column\">\n\t\t\t<div class=\"elementor-widget-wrap elementor-element-populated\">\n\t\t\t\t\t\t<div class=\"elementor-element elementor-element-8545199 elementor-widget elementor-widget-image\" data-id=\"8545199\" data-element_type=\"widget\" data-widget_type=\"image.default\">\n\t\t\t\t<div class=\"elementor-widget-container\">\n\t\t\t\t\t\t\t\t\t\t\t\t\t\t\t<img loading=\"lazy\" decoding=\"async\" width=\"1024\" height=\"825\" src=\"https:\/\/www.hs-kabeltechnik.at\/wp-content\/uploads\/2025\/03\/Messestand-2015-Galeria-WKO-HS-Kabeltechnik-1024x825.png\" class=\"attachment-large size-large wp-image-11338\" alt=\"Stoisko wystawiennicze 2015 Galeria WKO H&amp;S Kabeltechnik\" srcset=\"https:\/\/www.hs-kabeltechnik.at\/wp-content\/uploads\/2025\/03\/Messestand-2015-Galeria-WKO-HS-Kabeltechnik-1024x825.png 1024w, https:\/\/www.hs-kabeltechnik.at\/wp-content\/uploads\/2025\/03\/Messestand-2015-Galeria-WKO-HS-Kabeltechnik-300x242.png 300w, https:\/\/www.hs-kabeltechnik.at\/wp-content\/uploads\/2025\/03\/Messestand-2015-Galeria-WKO-HS-Kabeltechnik-768x618.png 768w, https:\/\/www.hs-kabeltechnik.at\/wp-content\/uploads\/2025\/03\/Messestand-2015-Galeria-WKO-HS-Kabeltechnik-1536x1237.png 1536w, https:\/\/www.hs-kabeltechnik.at\/wp-content\/uploads\/2025\/03\/Messestand-2015-Galeria-WKO-HS-Kabeltechnik-2048x1649.png 2048w\" sizes=\"(max-width: 1024px) 100vw, 1024px\" \/>\t\t\t\t\t\t\t\t\t\t\t\t\t\t\t<\/div>\n\t\t\t\t<\/div>\n\t\t\t\t\t<\/div>\n\t\t<\/div>\n\t\t\t\t<div class=\"elementor-column elementor-col-20 elementor-top-column elementor-element elementor-element-a7094d7\" data-id=\"a7094d7\" data-element_type=\"column\">\n\t\t\t<div class=\"elementor-widget-wrap elementor-element-populated\">\n\t\t\t\t\t\t<div class=\"elementor-element elementor-element-285f932 elementor-widget elementor-widget-image\" data-id=\"285f932\" data-element_type=\"widget\" data-widget_type=\"image.default\">\n\t\t\t\t<div class=\"elementor-widget-container\">\n\t\t\t\t\t\t\t\t\t\t\t\t\t\t\t<img loading=\"lazy\" decoding=\"async\" width=\"1024\" height=\"825\" src=\"https:\/\/www.hs-kabeltechnik.at\/wp-content\/uploads\/2025\/03\/Messestand-2017-Standpersonal-ISH-Frankfurt-1024x825.png\" class=\"attachment-large size-large wp-image-11298\" alt=\"Stoisko 2017 Personel stoiska ISH Frankfurt\" srcset=\"https:\/\/www.hs-kabeltechnik.at\/wp-content\/uploads\/2025\/03\/Messestand-2017-Standpersonal-ISH-Frankfurt-1024x825.png 1024w, https:\/\/www.hs-kabeltechnik.at\/wp-content\/uploads\/2025\/03\/Messestand-2017-Standpersonal-ISH-Frankfurt-300x242.png 300w, https:\/\/www.hs-kabeltechnik.at\/wp-content\/uploads\/2025\/03\/Messestand-2017-Standpersonal-ISH-Frankfurt-768x618.png 768w, https:\/\/www.hs-kabeltechnik.at\/wp-content\/uploads\/2025\/03\/Messestand-2017-Standpersonal-ISH-Frankfurt-1536x1237.png 1536w, https:\/\/www.hs-kabeltechnik.at\/wp-content\/uploads\/2025\/03\/Messestand-2017-Standpersonal-ISH-Frankfurt-2048x1649.png 2048w\" sizes=\"(max-width: 1024px) 100vw, 1024px\" \/>\t\t\t\t\t\t\t\t\t\t\t\t\t\t\t<\/div>\n\t\t\t\t<\/div>\n\t\t\t\t\t<\/div>\n\t\t<\/div>\n\t\t\t\t<div class=\"elementor-column elementor-col-20 elementor-top-column elementor-element elementor-element-34288ac\" data-id=\"34288ac\" data-element_type=\"column\">\n\t\t\t<div class=\"elementor-widget-wrap elementor-element-populated\">\n\t\t\t\t\t\t<div class=\"elementor-element elementor-element-7daf53d elementor-widget elementor-widget-image\" data-id=\"7daf53d\" data-element_type=\"widget\" data-widget_type=\"image.default\">\n\t\t\t\t<div class=\"elementor-widget-container\">\n\t\t\t\t\t\t\t\t\t\t\t\t\t\t\t<img loading=\"lazy\" decoding=\"async\" width=\"1024\" height=\"825\" src=\"https:\/\/www.hs-kabeltechnik.at\/wp-content\/uploads\/2025\/03\/Messestand-2019-Standpersonal-ISH-Frankfurt-1024x825.png\" class=\"attachment-large size-large wp-image-11308\" alt=\"Stoisko 2019 Personel stoiska ISH Frankfurt\" srcset=\"https:\/\/www.hs-kabeltechnik.at\/wp-content\/uploads\/2025\/03\/Messestand-2019-Standpersonal-ISH-Frankfurt-1024x825.png 1024w, https:\/\/www.hs-kabeltechnik.at\/wp-content\/uploads\/2025\/03\/Messestand-2019-Standpersonal-ISH-Frankfurt-300x242.png 300w, https:\/\/www.hs-kabeltechnik.at\/wp-content\/uploads\/2025\/03\/Messestand-2019-Standpersonal-ISH-Frankfurt-768x618.png 768w, https:\/\/www.hs-kabeltechnik.at\/wp-content\/uploads\/2025\/03\/Messestand-2019-Standpersonal-ISH-Frankfurt-1536x1237.png 1536w, https:\/\/www.hs-kabeltechnik.at\/wp-content\/uploads\/2025\/03\/Messestand-2019-Standpersonal-ISH-Frankfurt-2048x1649.png 2048w\" sizes=\"(max-width: 1024px) 100vw, 1024px\" \/>\t\t\t\t\t\t\t\t\t\t\t\t\t\t\t<\/div>\n\t\t\t\t<\/div>\n\t\t\t\t\t<\/div>\n\t\t<\/div>\n\t\t\t\t<div class=\"elementor-column elementor-col-20 elementor-top-column elementor-element elementor-element-e540d41\" data-id=\"e540d41\" data-element_type=\"column\">\n\t\t\t<div class=\"elementor-widget-wrap elementor-element-populated\">\n\t\t\t\t\t\t<div class=\"elementor-element elementor-element-6ee11a4 elementor-widget elementor-widget-image\" data-id=\"6ee11a4\" data-element_type=\"widget\" data-widget_type=\"image.default\">\n\t\t\t\t<div class=\"elementor-widget-container\">\n\t\t\t\t\t\t\t\t\t\t\t\t\t\t\t<img loading=\"lazy\" decoding=\"async\" width=\"1024\" height=\"825\" src=\"https:\/\/www.hs-kabeltechnik.at\/wp-content\/uploads\/2025\/03\/Messestand-2023-gemeinsam-mit-Testo-Standpersonal-1024x825.png\" class=\"attachment-large size-large wp-image-11318\" alt=\"Stoisko wystawowe 2023 wraz z personelem stoiska Testo\" srcset=\"https:\/\/www.hs-kabeltechnik.at\/wp-content\/uploads\/2025\/03\/Messestand-2023-gemeinsam-mit-Testo-Standpersonal-1024x825.png 1024w, https:\/\/www.hs-kabeltechnik.at\/wp-content\/uploads\/2025\/03\/Messestand-2023-gemeinsam-mit-Testo-Standpersonal-300x242.png 300w, https:\/\/www.hs-kabeltechnik.at\/wp-content\/uploads\/2025\/03\/Messestand-2023-gemeinsam-mit-Testo-Standpersonal-768x618.png 768w, https:\/\/www.hs-kabeltechnik.at\/wp-content\/uploads\/2025\/03\/Messestand-2023-gemeinsam-mit-Testo-Standpersonal-1536x1237.png 1536w, https:\/\/www.hs-kabeltechnik.at\/wp-content\/uploads\/2025\/03\/Messestand-2023-gemeinsam-mit-Testo-Standpersonal-2048x1649.png 2048w\" sizes=\"(max-width: 1024px) 100vw, 1024px\" \/>\t\t\t\t\t\t\t\t\t\t\t\t\t\t\t<\/div>\n\t\t\t\t<\/div>\n\t\t\t\t\t<\/div>\n\t\t<\/div>\n\t\t\t\t<div class=\"elementor-column elementor-col-20 elementor-top-column elementor-element elementor-element-983b13e\" data-id=\"983b13e\" data-element_type=\"column\">\n\t\t\t<div class=\"elementor-widget-wrap elementor-element-populated\">\n\t\t\t\t\t\t<div class=\"elementor-element elementor-element-42610e5 elementor-widget elementor-widget-image\" data-id=\"42610e5\" data-element_type=\"widget\" data-widget_type=\"image.default\">\n\t\t\t\t<div class=\"elementor-widget-container\">\n\t\t\t\t\t\t\t\t\t\t\t\t\t\t\t<img decoding=\"async\" width=\"1024\" height=\"825\" src=\"https:\/\/www.hs-kabeltechnik.at\/wp-content\/uploads\/2025\/03\/Messestand-2025-Standpersonal-ISH-Frankfurt-1024x825.png\" class=\"attachment-large size-large wp-image-11328\" alt=\"Stoisko 2025 Personel stoiska ISH Frankfurt\" srcset=\"https:\/\/www.hs-kabeltechnik.at\/wp-content\/uploads\/2025\/03\/Messestand-2025-Standpersonal-ISH-Frankfurt-1024x825.png 1024w, https:\/\/www.hs-kabeltechnik.at\/wp-content\/uploads\/2025\/03\/Messestand-2025-Standpersonal-ISH-Frankfurt-300x242.png 300w, https:\/\/www.hs-kabeltechnik.at\/wp-content\/uploads\/2025\/03\/Messestand-2025-Standpersonal-ISH-Frankfurt-768x618.png 768w, https:\/\/www.hs-kabeltechnik.at\/wp-content\/uploads\/2025\/03\/Messestand-2025-Standpersonal-ISH-Frankfurt-1536x1237.png 1536w, https:\/\/www.hs-kabeltechnik.at\/wp-content\/uploads\/2025\/03\/Messestand-2025-Standpersonal-ISH-Frankfurt-2048x1649.png 2048w\" sizes=\"(max-width: 1024px) 100vw, 1024px\" \/>\t\t\t\t\t\t\t\t\t\t\t\t\t\t\t<\/div>\n\t\t\t\t<\/div>\n\t\t\t\t\t<\/div>\n\t\t<\/div>\n\t\t\t\t\t<\/div>\n\t\t<\/section>\n\t\t\t\t<section class=\"elementor-section elementor-top-section elementor-element elementor-element-a0befd0 elementor-section-boxed elementor-section-height-default elementor-section-height-default\" data-id=\"a0befd0\" data-element_type=\"section\">\n\t\t\t\t\t\t<div class=\"elementor-container elementor-column-gap-default\">\n\t\t\t\t\t<div class=\"elementor-column elementor-col-20 elementor-top-column elementor-element elementor-element-7524b58\" data-id=\"7524b58\" data-element_type=\"column\">\n\t\t\t<div class=\"elementor-widget-wrap elementor-element-populated\">\n\t\t\t\t\t\t<div class=\"elementor-element elementor-element-94c277c elementor-widget elementor-widget-heading\" data-id=\"94c277c\" data-element_type=\"widget\" data-widget_type=\"heading.default\">\n\t\t\t\t<div class=\"elementor-widget-container\">\n\t\t\t\t\t<h5 class=\"elementor-heading-title elementor-size-default\">Pierwsze targi we Frankfurcie ze stoiskiem austriackiej grupy WKO i umieszczeniem w galerii.<\/h5>\t\t\t\t<\/div>\n\t\t\t\t<\/div>\n\t\t\t\t\t<\/div>\n\t\t<\/div>\n\t\t\t\t<div class=\"elementor-column elementor-col-20 elementor-top-column elementor-element elementor-element-9e8add1\" data-id=\"9e8add1\" data-element_type=\"column\">\n\t\t\t<div class=\"elementor-widget-wrap elementor-element-populated\">\n\t\t\t\t\t\t<div class=\"elementor-element elementor-element-00ee0a7 elementor-widget elementor-widget-heading\" data-id=\"00ee0a7\" data-element_type=\"widget\" data-widget_type=\"heading.default\">\n\t\t\t\t<div class=\"elementor-widget-container\">\n\t\t\t\t\t<h5 class=\"elementor-heading-title elementor-size-default\">Pierwsze w\u0142asne stoisko na targach ISH o powierzchni 15 m\u00b2 z naszym sta\u0142ym personelem: Christanem Hocheggerem, Markusem Schrollem i Melanie Dietach.<\/h5>\t\t\t\t<\/div>\n\t\t\t\t<\/div>\n\t\t\t\t\t<\/div>\n\t\t<\/div>\n\t\t\t\t<div class=\"elementor-column elementor-col-20 elementor-top-column elementor-element elementor-element-5ce624a\" data-id=\"5ce624a\" data-element_type=\"column\">\n\t\t\t<div class=\"elementor-widget-wrap elementor-element-populated\">\n\t\t\t\t\t\t<div class=\"elementor-element elementor-element-6ad8f31 elementor-widget elementor-widget-heading\" data-id=\"6ad8f31\" data-element_type=\"widget\" data-widget_type=\"heading.default\">\n\t\t\t\t<div class=\"elementor-widget-container\">\n\t\t\t\t\t<h5 class=\"elementor-heading-title elementor-size-default\">W\u0142asne stoisko targowe firmy rozrasta si\u0119 do 28 m\u00b2, a jego budowa jest zlecana zewn\u0119trznemu wykonawcy.<\/h5>\t\t\t\t<\/div>\n\t\t\t\t<\/div>\n\t\t\t\t\t<\/div>\n\t\t<\/div>\n\t\t\t\t<div class=\"elementor-column elementor-col-20 elementor-top-column elementor-element elementor-element-0184bcf\" data-id=\"0184bcf\" data-element_type=\"column\">\n\t\t\t<div class=\"elementor-widget-wrap elementor-element-populated\">\n\t\t\t\t\t\t<div class=\"elementor-element elementor-element-b6e7b47 elementor-widget elementor-widget-heading\" data-id=\"b6e7b47\" data-element_type=\"widget\" data-widget_type=\"heading.default\">\n\t\t\t\t<div class=\"elementor-widget-container\">\n\t\t\t\t\t<h5 class=\"elementor-heading-title elementor-size-default\">Ze wzgl\u0119du na wsp\u00f3lne synergie, nast\u0105pi pierwsze wsp\u00f3lne wyst\u0105pienie na targach z Testo Sensor z Niemiec.<\/h5>\t\t\t\t<\/div>\n\t\t\t\t<\/div>\n\t\t\t\t\t<\/div>\n\t\t<\/div>\n\t\t\t\t<div class=\"elementor-column elementor-col-20 elementor-top-column elementor-element elementor-element-a04c607\" data-id=\"a04c607\" data-element_type=\"column\">\n\t\t\t<div class=\"elementor-widget-wrap elementor-element-populated\">\n\t\t\t\t\t\t<div class=\"elementor-element elementor-element-fcdfe3a elementor-widget elementor-widget-heading\" data-id=\"fcdfe3a\" data-element_type=\"widget\" data-widget_type=\"heading.default\">\n\t\t\t\t<div class=\"elementor-widget-container\">\n\t\t\t\t\t<h5 class=\"elementor-heading-title elementor-size-default\">Nasze stoisko targowe l\u015bni nowym designem, a nasz personel ro\u015bnie wraz z nim.<\/h5>\t\t\t\t<\/div>\n\t\t\t\t<\/div>\n\t\t\t\t\t<\/div>\n\t\t<\/div>\n\t\t\t\t\t<\/div>\n\t\t<\/section>\n\t\t\t\t<\/div>\n\t\t","protected":false},"excerpt":{"rendered":"<p>2025: Cyfryzacja i zr\u00f3wnowa\u017cony rozw\u00f3j &#8211; tegoroczne targi ISH we Frankfurcie pokazuj\u0105 drog\u0119 w przysz\u0142o\u015b\u0107 dzi\u0119ki innowacyjnym produktom. My w H&#038;S r\u00f3wnie\u017c zaprezentowali\u015bmy dwa nowe produkty w naszym portfolio.<\/p>\n","protected":false},"author":5,"featured_media":11323,"comment_status":"closed","ping_status":"open","sticky":false,"template":"","format":"standard","meta":{"_acf_changed":false,"_genesis_hide_title":false,"_genesis_hide_breadcrumbs":false,"_genesis_hide_singular_image":false,"_genesis_hide_footer_widgets":false,"_genesis_custom_body_class":"","_genesis_custom_post_class":"","_genesis_layout":"","footnotes":""},"categories":[33],"tags":[213],"class_list":{"0":"post-11359","1":"post","2":"type-post","3":"status-publish","4":"format-standard","5":"has-post-thumbnail","7":"category-bez-kategorii","8":"tag-ish-pl","9":"entry"},"acf":[],"_links":{"self":[{"href":"https:\/\/www.hs-kabeltechnik.at\/pl\/wp-json\/wp\/v2\/posts\/11359","targetHints":{"allow":["GET"]}}],"collection":[{"href":"https:\/\/www.hs-kabeltechnik.at\/pl\/wp-json\/wp\/v2\/posts"}],"about":[{"href":"https:\/\/www.hs-kabeltechnik.at\/pl\/wp-json\/wp\/v2\/types\/post"}],"author":[{"embeddable":true,"href":"https:\/\/www.hs-kabeltechnik.at\/pl\/wp-json\/wp\/v2\/users\/5"}],"replies":[{"embeddable":true,"href":"https:\/\/www.hs-kabeltechnik.at\/pl\/wp-json\/wp\/v2\/comments?post=11359"}],"version-history":[{"count":1,"href":"https:\/\/www.hs-kabeltechnik.at\/pl\/wp-json\/wp\/v2\/posts\/11359\/revisions"}],"predecessor-version":[{"id":11360,"href":"https:\/\/www.hs-kabeltechnik.at\/pl\/wp-json\/wp\/v2\/posts\/11359\/revisions\/11360"}],"wp:featuredmedia":[{"embeddable":true,"href":"https:\/\/www.hs-kabeltechnik.at\/pl\/wp-json\/wp\/v2\/media\/11323"}],"wp:attachment":[{"href":"https:\/\/www.hs-kabeltechnik.at\/pl\/wp-json\/wp\/v2\/media?parent=11359"}],"wp:term":[{"taxonomy":"category","embeddable":true,"href":"https:\/\/www.hs-kabeltechnik.at\/pl\/wp-json\/wp\/v2\/categories?post=11359"},{"taxonomy":"post_tag","embeddable":true,"href":"https:\/\/www.hs-kabeltechnik.at\/pl\/wp-json\/wp\/v2\/tags?post=11359"}],"curies":[{"name":"wp","href":"https:\/\/api.w.org\/{rel}","templated":true}]}}