{"id":10458,"date":"2024-11-18T12:07:39","date_gmt":"2024-11-18T12:07:39","guid":{"rendered":"https:\/\/p-ga7ckg.project.space\/targi-przyszlosci-schaerding-2024\/"},"modified":"2025-08-18T08:19:26","modified_gmt":"2025-08-18T08:19:26","slug":"targi-przyszlosci-schaerding-2024","status":"publish","type":"post","link":"https:\/\/www.hs-kabeltechnik.at\/pl\/targi-przyszlosci-schaerding-2024\/","title":{"rendered":"Targi przysz\u0142o\u015bci Sch\u00e4rding 2024"},"content":{"rendered":"\t\t<div data-elementor-type=\"wp-post\" data-elementor-id=\"10458\" class=\"elementor elementor-10458 elementor-10397\" data-elementor-post-type=\"post\">\n\t\t\t\t\t\t<section class=\"elementor-section elementor-top-section elementor-element elementor-element-cab1dda elementor-section-boxed elementor-section-height-default elementor-section-height-default\" data-id=\"cab1dda\" data-element_type=\"section\">\n\t\t\t\t\t\t<div class=\"elementor-container elementor-column-gap-default\">\n\t\t\t\t\t<div class=\"elementor-column elementor-col-100 elementor-top-column elementor-element elementor-element-af8c97e\" data-id=\"af8c97e\" data-element_type=\"column\">\n\t\t\t<div class=\"elementor-widget-wrap elementor-element-populated\">\n\t\t\t\t\t\t<div class=\"elementor-element elementor-element-1bb0b5d elementor-widget elementor-widget-heading\" data-id=\"1bb0b5d\" data-element_type=\"widget\" data-widget_type=\"heading.default\">\n\t\t\t\t<div class=\"elementor-widget-container\">\n\t\t\t\t\t<h3 class=\"elementor-heading-title elementor-size-default\">Pa\u017adziernik 2024 r.<\/h3>\t\t\t\t<\/div>\n\t\t\t\t<\/div>\n\t\t\t\t\t<\/div>\n\t\t<\/div>\n\t\t\t\t\t<\/div>\n\t\t<\/section>\n\t\t\t\t<section class=\"elementor-section elementor-top-section elementor-element elementor-element-a6f6f07 elementor-section-boxed elementor-section-height-default elementor-section-height-default\" data-id=\"a6f6f07\" data-element_type=\"section\">\n\t\t\t\t\t\t<div class=\"elementor-container elementor-column-gap-default\">\n\t\t\t\t\t<div class=\"elementor-column elementor-col-100 elementor-top-column elementor-element elementor-element-83d7f76\" data-id=\"83d7f76\" data-element_type=\"column\">\n\t\t\t<div class=\"elementor-widget-wrap elementor-element-populated\">\n\t\t\t\t\t\t<div class=\"elementor-element elementor-element-38ecdc8 elementor-widget elementor-widget-heading\" data-id=\"38ecdc8\" data-element_type=\"widget\" data-widget_type=\"heading.default\">\n\t\t\t\t<div class=\"elementor-widget-container\">\n\t\t\t\t\t<h3 class=\"elementor-heading-title elementor-size-default\"><a href=\"https:\/\/www.hs-kabeltechnik.at\/\/pl\/hs-kabeltechnik-wciaz-sie-rozwija\/\">Tegoroczne targi Future Fair odby\u0142y si\u0119 w Sch\u00e4rding w dniach 18-19 pa\u017adziernika 2024 r. i zgromadzi\u0142y 71 wystawc\u00f3w, wi\u0119cej ni\u017c kiedykolwiek wcze\u015bniej.<\/a><\/h3>\t\t\t\t<\/div>\n\t\t\t\t<\/div>\n\t\t\t\t\t<\/div>\n\t\t<\/div>\n\t\t\t\t\t<\/div>\n\t\t<\/section>\n\t\t\t\t<section class=\"elementor-section elementor-top-section elementor-element elementor-element-8c8ca2a elementor-section-boxed elementor-section-height-default elementor-section-height-default\" data-id=\"8c8ca2a\" data-element_type=\"section\">\n\t\t\t\t\t\t<div class=\"elementor-container elementor-column-gap-default\">\n\t\t\t\t\t<div class=\"elementor-column elementor-col-50 elementor-top-column elementor-element elementor-element-abbd2be\" data-id=\"abbd2be\" data-element_type=\"column\">\n\t\t\t<div class=\"elementor-widget-wrap elementor-element-populated\">\n\t\t\t\t\t\t<div class=\"elementor-element elementor-element-add7ee8 elementor-widget elementor-widget-text-editor\" data-id=\"add7ee8\" data-element_type=\"widget\" data-widget_type=\"text-editor.default\">\n\t\t\t\t<div class=\"elementor-widget-container\">\n\t\t\t\t\t\t\t\t\t<p>Targi Future Fair, kt\u00f3re odwiedzi\u0142o oko\u0142o 1200 os\u00f3b, s\u0105 jednymi z najwa\u017cniejszych targ\u00f3w po\u015bwi\u0119conych m\u0142odym ludziom i karierze w regionie. <\/p>\n<p>W tym roku po raz kolejny byli\u015bmy na miejscu jako wystawca i wykorzystali\u015bmy t\u0119 wspania\u0142\u0105 okazj\u0119 do nawi\u0105zania bezpo\u015bredniego kontaktu z m\u0142odymi lud\u017ami. Targi praktyk zawodowych w Sch\u00e4rding by\u0142y kluczow\u0105 okazj\u0105 do wspierania m\u0142odych ludzi na ich drodze do stania si\u0119 wykwalifikowanymi pracownikami jutra. Cieszymy si\u0119, \u017ce mo\u017cemy da\u0107 m\u0142odym ludziom i ich rodzicom osobisty wgl\u0105d w nasz \u015bwiat korporacyjny i programy szkoleniowe. Naszym celem jest wzbudzenie zainteresowania nasz\u0105 firm\u0105 i pokazanie, jak r\u00f3\u017cnorodne s\u0105 mo\u017cliwo\u015bci w naszej firmie.<\/p>\n<p>Targi Przysz\u0142o\u015bci pozwalaj\u0105 nam odpowiedzie\u0107 na pytania, zapewni\u0107 wgl\u0105d w codzienne \u017cycie zawodowe i zaprezentowa\u0107 nasz program praktyk \u201eOffice Clerk\u201d. Odwiedzaj\u0105cy mog\u0105 dowiedzie\u0107 si\u0119 bezpo\u015brednio od naszych obecnych praktykant\u00f3w i trener\u00f3w, jak wygl\u0105da praktyka w H&amp;S i jakie mo\u017cliwo\u015bci oferuj\u0105 nasze praktyki\u201e, m\u00f3wi <a href=\u201dhttps:\/\/hs-kabeltechnik.at\/alle-mitarbeiter\/andreas-gumpoltsberger\/\">Andreas Gumpoltsberger. <\/a><\/p>\n<p>Aktywnie wspieramy m\u0142odych ludzi w podejmowaniu decyzji o rozpocz\u0119ciu szkolenia zawodowego i wsp\u00f3lnie kszta\u0142tujemy przysz\u0142o\u015b\u0107 naszej firmy i naszej bran\u017cy. <br \/><strong>DData 17 i 18 pa\u017adziernika 2025 r. na kolejn\u0105 edycj\u0119 Targ\u00f3w Przysz\u0142o\u015bci zosta\u0142a ju\u017c ustalona i nie mo\u017cemy si\u0119 doczeka\u0107, aby by\u0107 tam ponownie!<\/strong><\/p>\n\t\t\t\t\t\t\t\t<\/div>\n\t\t\t\t<\/div>\n\t\t\t\t\t<\/div>\n\t\t<\/div>\n\t\t\t\t<div class=\"elementor-column elementor-col-50 elementor-top-column elementor-element elementor-element-2f4fa67\" data-id=\"2f4fa67\" data-element_type=\"column\">\n\t\t\t<div class=\"elementor-widget-wrap elementor-element-populated\">\n\t\t\t\t\t\t<div class=\"elementor-element elementor-element-c189084 elementor-widget__width-initial elementor-widget elementor-widget-video\" data-id=\"c189084\" data-element_type=\"widget\" data-settings=\"{&quot;video_type&quot;:&quot;hosted&quot;,&quot;controls&quot;:&quot;yes&quot;}\" data-widget_type=\"video.default\">\n\t\t\t\t<div class=\"elementor-widget-container\">\n\t\t\t\t\t\t\t<div class=\"e-hosted-video elementor-wrapper elementor-open-inline\">\n\t\t\t\t\t<video class=\"elementor-video\" src=\"https:\/\/hs-kabeltechnik.at\/wp-content\/uploads\/2024\/11\/Elegant-Beige-Launching-Soon-Instagram-Reel.mp4\" controls=\"\" preload=\"metadata\" controlsList=\"nodownload\"><\/video>\n\t\t\t\t<\/div>\n\t\t\t\t\t\t<\/div>\n\t\t\t\t<\/div>\n\t\t\t\t\t<\/div>\n\t\t<\/div>\n\t\t\t\t\t<\/div>\n\t\t<\/section>\n\t\t\t\t<section class=\"elementor-section elementor-top-section elementor-element elementor-element-da14721 elementor-section-boxed elementor-section-height-default elementor-section-height-default\" data-id=\"da14721\" data-element_type=\"section\">\n\t\t\t\t\t\t<div class=\"elementor-container elementor-column-gap-default\">\n\t\t\t\t\t<div class=\"elementor-column elementor-col-50 elementor-top-column elementor-element elementor-element-8c190b4\" data-id=\"8c190b4\" data-element_type=\"column\">\n\t\t\t<div class=\"elementor-widget-wrap elementor-element-populated\">\n\t\t\t\t\t\t<div class=\"elementor-element elementor-element-9d63c5b elementor-widget elementor-widget-heading\" data-id=\"9d63c5b\" data-element_type=\"widget\" data-widget_type=\"heading.default\">\n\t\t\t\t<div class=\"elementor-widget-container\">\n\t\t\t\t\t<h2 class=\"elementor-heading-title elementor-size-default\">Nasz zesp\u00f3\u0142 na miejscu:<\/h2>\t\t\t\t<\/div>\n\t\t\t\t<\/div>\n\t\t\t\t\t<\/div>\n\t\t<\/div>\n\t\t\t\t<div class=\"elementor-column elementor-col-50 elementor-top-column elementor-element elementor-element-9061cb7\" data-id=\"9061cb7\" data-element_type=\"column\">\n\t\t\t<div class=\"elementor-widget-wrap elementor-element-populated\">\n\t\t\t\t\t\t\t<\/div>\n\t\t<\/div>\n\t\t\t\t\t<\/div>\n\t\t<\/section>\n\t\t\t\t<section class=\"elementor-section elementor-top-section elementor-element elementor-element-98446f5 elementor-section-boxed elementor-section-height-default elementor-section-height-default\" data-id=\"98446f5\" data-element_type=\"section\">\n\t\t\t\t\t\t<div class=\"elementor-container elementor-column-gap-default\">\n\t\t\t\t\t<div class=\"elementor-column elementor-col-50 elementor-top-column elementor-element elementor-element-92495c4\" data-id=\"92495c4\" data-element_type=\"column\">\n\t\t\t<div class=\"elementor-widget-wrap elementor-element-populated\">\n\t\t\t\t\t\t<div class=\"elementor-element elementor-element-d9bdba1 elementor-widget elementor-widget-image\" data-id=\"d9bdba1\" data-element_type=\"widget\" data-widget_type=\"image.default\">\n\t\t\t\t<div class=\"elementor-widget-container\">\n\t\t\t\t\t\t\t\t\t\t\t\t\t\t\t<img fetchpriority=\"high\" decoding=\"async\" width=\"1024\" height=\"683\" src=\"https:\/\/www.hs-kabeltechnik.at\/wp-content\/uploads\/2024\/11\/Andreas-Melanie-Jonas-Lehrlingsmesse-1024x683.jpg\" class=\"attachment-large size-large wp-image-10402\" alt=\"Future Fair nasz personel stoiska w dniu 1\" srcset=\"https:\/\/www.hs-kabeltechnik.at\/wp-content\/uploads\/2024\/11\/Andreas-Melanie-Jonas-Lehrlingsmesse-1024x683.jpg 1024w, https:\/\/www.hs-kabeltechnik.at\/wp-content\/uploads\/2024\/11\/Andreas-Melanie-Jonas-Lehrlingsmesse-300x200.jpg 300w, https:\/\/www.hs-kabeltechnik.at\/wp-content\/uploads\/2024\/11\/Andreas-Melanie-Jonas-Lehrlingsmesse-768x512.jpg 768w, https:\/\/www.hs-kabeltechnik.at\/wp-content\/uploads\/2024\/11\/Andreas-Melanie-Jonas-Lehrlingsmesse-1536x1024.jpg 1536w, https:\/\/www.hs-kabeltechnik.at\/wp-content\/uploads\/2024\/11\/Andreas-Melanie-Jonas-Lehrlingsmesse-2048x1365.jpg 2048w\" sizes=\"(max-width: 1024px) 100vw, 1024px\" \/>\t\t\t\t\t\t\t\t\t\t\t\t\t\t\t<\/div>\n\t\t\t\t<\/div>\n\t\t\t\t\t<\/div>\n\t\t<\/div>\n\t\t\t\t<div class=\"elementor-column elementor-col-50 elementor-top-column elementor-element elementor-element-360b3ca\" data-id=\"360b3ca\" data-element_type=\"column\">\n\t\t\t<div class=\"elementor-widget-wrap elementor-element-populated\">\n\t\t\t\t\t\t<div class=\"elementor-element elementor-element-c4024f5 elementor-cta--skin-classic elementor-animated-content elementor-bg-transform elementor-bg-transform-zoom-in elementor-widget elementor-widget-call-to-action\" data-id=\"c4024f5\" data-element_type=\"widget\" data-widget_type=\"call-to-action.default\">\n\t\t\t\t<div class=\"elementor-widget-container\">\n\t\t\t\t\t\t\t<div class=\"elementor-cta\">\n\t\t\t\t\t\t\t<div class=\"elementor-cta__content\">\n\t\t\t\t\n\t\t\t\t\t\t\t\t\t<h2 class=\"elementor-cta__title elementor-cta__content-item elementor-content-item\">\n\t\t\t\t\t\tCzytaj wi\u0119cej?\t\t\t\t\t<\/h2>\n\t\t\t\t\n\t\t\t\t\t\t\t\t\t<div class=\"elementor-cta__description elementor-cta__content-item elementor-content-item\">\n\t\t\t\t\t\t<p>Wi\u0119cej wra\u017ce\u0144 z Future Fair 2024 mo\u017cna znale\u017a\u0107 tutaj, u naszego partnera medialnego Rundschau.<\/p>\n\t\t\t\t\t<\/div>\n\t\t\t\t\n\t\t\t\t\t\t\t\t\t<div class=\"elementor-cta__button-wrapper elementor-cta__content-item elementor-content-item \">\n\t\t\t\t\t<a class=\"elementor-cta__button elementor-button elementor-size-\" href=\"https:\/\/www.meinbezirk.at\/schaerding\/c-wirtschaft\/1200-besucher-bei-der-schaerdinger-zukunftsmesse_a6960680\" rel=\"noopener\">\n\t\t\t\t\t\tDo raportu\t\t\t\t\t<\/a>\n\t\t\t\t\t<\/div>\n\t\t\t\t\t\t\t<\/div>\n\t\t\t\t\t\t<\/div>\n\t\t\t\t\t\t<\/div>\n\t\t\t\t<\/div>\n\t\t\t\t\t<\/div>\n\t\t<\/div>\n\t\t\t\t\t<\/div>\n\t\t<\/section>\n\t\t\t\t<section class=\"elementor-section elementor-top-section elementor-element elementor-element-215a1a1 elementor-section-boxed elementor-section-height-default elementor-section-height-default\" data-id=\"215a1a1\" data-element_type=\"section\">\n\t\t\t\t\t\t<div class=\"elementor-container elementor-column-gap-default\">\n\t\t\t\t\t<div class=\"elementor-column elementor-col-50 elementor-top-column elementor-element elementor-element-28465a9\" data-id=\"28465a9\" data-element_type=\"column\">\n\t\t\t<div class=\"elementor-widget-wrap elementor-element-populated\">\n\t\t\t\t\t\t<div class=\"elementor-element elementor-element-6096e66 elementor-widget elementor-widget-heading\" data-id=\"6096e66\" data-element_type=\"widget\" data-widget_type=\"heading.default\">\n\t\t\t\t<div class=\"elementor-widget-container\">\n\t\t\t\t\t<h6 class=\"elementor-heading-title elementor-size-default\">Personel stoj\u0105cy w pi\u0105tek: Andreas Gumpoltsberger, Melanie Dietach, Jonas Wagner<\/h6>\t\t\t\t<\/div>\n\t\t\t\t<\/div>\n\t\t\t\t\t<\/div>\n\t\t<\/div>\n\t\t\t\t<div class=\"elementor-column elementor-col-50 elementor-top-column elementor-element elementor-element-a1be8be\" data-id=\"a1be8be\" data-element_type=\"column\">\n\t\t\t<div class=\"elementor-widget-wrap elementor-element-populated\">\n\t\t\t\t\t\t\t<\/div>\n\t\t<\/div>\n\t\t\t\t\t<\/div>\n\t\t<\/section>\n\t\t\t\t<section class=\"elementor-section elementor-top-section elementor-element elementor-element-869d422 elementor-section-boxed elementor-section-height-default elementor-section-height-default\" data-id=\"869d422\" data-element_type=\"section\">\n\t\t\t\t\t\t<div class=\"elementor-container elementor-column-gap-default\">\n\t\t\t\t\t<div class=\"elementor-column elementor-col-50 elementor-top-column elementor-element elementor-element-ff8222f\" data-id=\"ff8222f\" data-element_type=\"column\">\n\t\t\t<div class=\"elementor-widget-wrap elementor-element-populated\">\n\t\t\t\t\t\t<div class=\"elementor-element elementor-element-619aa32 elementor-widget elementor-widget-image\" data-id=\"619aa32\" data-element_type=\"widget\" data-widget_type=\"image.default\">\n\t\t\t\t<div class=\"elementor-widget-container\">\n\t\t\t\t\t\t\t\t\t\t\t\t\t\t\t<img decoding=\"async\" width=\"1227\" height=\"762\" src=\"https:\/\/www.hs-kabeltechnik.at\/wp-content\/uploads\/2024\/11\/Patrick-Eva-Zukunftsmesse.webp\" class=\"attachment-2048x2048 size-2048x2048 wp-image-10407\" alt=\"Future Fair nasz personel stoiska w dniu 2\" \/>\t\t\t\t\t\t\t\t\t\t\t\t\t\t\t<\/div>\n\t\t\t\t<\/div>\n\t\t\t\t\t<\/div>\n\t\t<\/div>\n\t\t\t\t<div class=\"elementor-column elementor-col-50 elementor-top-column elementor-element elementor-element-e70e6a0\" data-id=\"e70e6a0\" data-element_type=\"column\">\n\t\t\t<div class=\"elementor-widget-wrap\">\n\t\t\t\t\t\t\t<\/div>\n\t\t<\/div>\n\t\t\t\t\t<\/div>\n\t\t<\/section>\n\t\t\t\t<section class=\"elementor-section elementor-top-section elementor-element elementor-element-e7f5234 elementor-section-boxed elementor-section-height-default elementor-section-height-default\" data-id=\"e7f5234\" data-element_type=\"section\">\n\t\t\t\t\t\t<div class=\"elementor-container elementor-column-gap-default\">\n\t\t\t\t\t<div class=\"elementor-column elementor-col-50 elementor-top-column elementor-element elementor-element-6804421\" data-id=\"6804421\" data-element_type=\"column\">\n\t\t\t<div class=\"elementor-widget-wrap elementor-element-populated\">\n\t\t\t\t\t\t<div class=\"elementor-element elementor-element-3c57921 elementor-widget elementor-widget-heading\" data-id=\"3c57921\" data-element_type=\"widget\" data-widget_type=\"heading.default\">\n\t\t\t\t<div class=\"elementor-widget-container\">\n\t\t\t\t\t<h6 class=\"elementor-heading-title elementor-size-default\">Personel stoj\u0105cy w sobot\u0119: Eva Enzlm\u00fcller i Patrick Ringer<\/h6>\t\t\t\t<\/div>\n\t\t\t\t<\/div>\n\t\t\t\t\t<\/div>\n\t\t<\/div>\n\t\t\t\t<div class=\"elementor-column elementor-col-50 elementor-top-column elementor-element elementor-element-e1e7acb\" data-id=\"e1e7acb\" data-element_type=\"column\">\n\t\t\t<div class=\"elementor-widget-wrap\">\n\t\t\t\t\t\t\t<\/div>\n\t\t<\/div>\n\t\t\t\t\t<\/div>\n\t\t<\/section>\n\t\t\t\t<\/div>\n\t\t","protected":false},"excerpt":{"rendered":"<p>2024: Z 71 wystawcami, Targi Przysz\u0142o\u015bci s\u0105 jednymi z najwa\u017cniejszych targ\u00f3w dla m\u0142odych ludzi i kariery w regionie. Wi\u0119cej szczeg\u00f3\u0142\u00f3w mo\u017cna znale\u017a\u0107 tutaj.<\/p>\n","protected":false},"author":5,"featured_media":10402,"comment_status":"closed","ping_status":"open","sticky":false,"template":"","format":"standard","meta":{"_acf_changed":false,"_genesis_hide_title":false,"_genesis_hide_breadcrumbs":false,"_genesis_hide_singular_image":false,"_genesis_hide_footer_widgets":false,"_genesis_custom_body_class":"","_genesis_custom_post_class":"","_genesis_layout":"","footnotes":""},"categories":[33],"tags":[193],"class_list":{"0":"post-10458","1":"post","2":"type-post","3":"status-publish","4":"format-standard","5":"has-post-thumbnail","7":"category-bez-kategorii","8":"tag-przyszle-targi","9":"entry"},"acf":[],"_links":{"self":[{"href":"https:\/\/www.hs-kabeltechnik.at\/pl\/wp-json\/wp\/v2\/posts\/10458","targetHints":{"allow":["GET"]}}],"collection":[{"href":"https:\/\/www.hs-kabeltechnik.at\/pl\/wp-json\/wp\/v2\/posts"}],"about":[{"href":"https:\/\/www.hs-kabeltechnik.at\/pl\/wp-json\/wp\/v2\/types\/post"}],"author":[{"embeddable":true,"href":"https:\/\/www.hs-kabeltechnik.at\/pl\/wp-json\/wp\/v2\/users\/5"}],"replies":[{"embeddable":true,"href":"https:\/\/www.hs-kabeltechnik.at\/pl\/wp-json\/wp\/v2\/comments?post=10458"}],"version-history":[{"count":2,"href":"https:\/\/www.hs-kabeltechnik.at\/pl\/wp-json\/wp\/v2\/posts\/10458\/revisions"}],"predecessor-version":[{"id":12413,"href":"https:\/\/www.hs-kabeltechnik.at\/pl\/wp-json\/wp\/v2\/posts\/10458\/revisions\/12413"}],"wp:featuredmedia":[{"embeddable":true,"href":"https:\/\/www.hs-kabeltechnik.at\/pl\/wp-json\/wp\/v2\/media\/10402"}],"wp:attachment":[{"href":"https:\/\/www.hs-kabeltechnik.at\/pl\/wp-json\/wp\/v2\/media?parent=10458"}],"wp:term":[{"taxonomy":"category","embeddable":true,"href":"https:\/\/www.hs-kabeltechnik.at\/pl\/wp-json\/wp\/v2\/categories?post=10458"},{"taxonomy":"post_tag","embeddable":true,"href":"https:\/\/www.hs-kabeltechnik.at\/pl\/wp-json\/wp\/v2\/tags?post=10458"}],"curies":[{"name":"wp","href":"https:\/\/api.w.org\/{rel}","templated":true}]}}