{"id":9605,"date":"2024-03-20T12:07:45","date_gmt":"2024-03-20T12:07:45","guid":{"rendered":"https:\/\/p-ga7ckg.project.space\/hs-kabeltechnik-continua-a-crescere\/"},"modified":"2025-09-12T06:30:10","modified_gmt":"2025-09-12T06:30:10","slug":"hs-kabeltechnik-continua-a-crescere","status":"publish","type":"post","link":"https:\/\/www.hs-kabeltechnik.at\/it\/hs-kabeltechnik-continua-a-crescere\/","title":{"rendered":"H&#038;S Kabeltechnik continua a crescere!"},"content":{"rendered":"\t\t<div data-elementor-type=\"wp-post\" data-elementor-id=\"9605\" class=\"elementor elementor-9605 elementor-9590\" data-elementor-post-type=\"post\">\n\t\t\t\t\t\t<section class=\"elementor-section elementor-top-section elementor-element elementor-element-757c23f elementor-section-boxed elementor-section-height-default elementor-section-height-default\" data-id=\"757c23f\" data-element_type=\"section\">\n\t\t\t\t\t\t<div class=\"elementor-container elementor-column-gap-default\">\n\t\t\t\t\t<div class=\"elementor-column elementor-col-100 elementor-top-column elementor-element elementor-element-f263efc\" data-id=\"f263efc\" data-element_type=\"column\">\n\t\t\t<div class=\"elementor-widget-wrap elementor-element-populated\">\n\t\t\t\t\t\t<div class=\"elementor-element elementor-element-58a7eb7 elementor-widget elementor-widget-heading\" data-id=\"58a7eb7\" data-element_type=\"widget\" data-widget_type=\"heading.default\">\n\t\t\t\t<div class=\"elementor-widget-container\">\n\t\t\t\t\t<h3 class=\"elementor-heading-title elementor-size-default\">MARZO 2024 - MAGGIO 2025<\/h3>\t\t\t\t<\/div>\n\t\t\t\t<\/div>\n\t\t\t\t\t<\/div>\n\t\t<\/div>\n\t\t\t\t\t<\/div>\n\t\t<\/section>\n\t\t\t\t<section class=\"elementor-section elementor-top-section elementor-element elementor-element-3bf25fb elementor-section-boxed elementor-section-height-default elementor-section-height-default\" data-id=\"3bf25fb\" data-element_type=\"section\">\n\t\t\t\t\t\t<div class=\"elementor-container elementor-column-gap-default\">\n\t\t\t\t\t<div class=\"elementor-column elementor-col-50 elementor-top-column elementor-element elementor-element-4bdd9d0\" data-id=\"4bdd9d0\" data-element_type=\"column\">\n\t\t\t<div class=\"elementor-widget-wrap elementor-element-populated\">\n\t\t\t\t\t\t<div class=\"elementor-element elementor-element-26128ef elementor-widget elementor-widget-spacer\" data-id=\"26128ef\" data-element_type=\"widget\" data-widget_type=\"spacer.default\">\n\t\t\t\t<div class=\"elementor-widget-container\">\n\t\t\t\t\t\t\t<div class=\"elementor-spacer\">\n\t\t\t<div class=\"elementor-spacer-inner\"><\/div>\n\t\t<\/div>\n\t\t\t\t\t\t<\/div>\n\t\t\t\t<\/div>\n\t\t\t\t<div class=\"elementor-element elementor-element-dcb5d76 elementor-widget elementor-widget-heading\" data-id=\"dcb5d76\" data-element_type=\"widget\" data-widget_type=\"heading.default\">\n\t\t\t\t<div class=\"elementor-widget-container\">\n\t\t\t\t\t<h3 class=\"elementor-heading-title elementor-size-default\">Pi\u00f9 spazio per la tecnologia e lo spirito di squadra<\/h3>\t\t\t\t<\/div>\n\t\t\t\t<\/div>\n\t\t\t\t<div class=\"elementor-element elementor-element-6049cb1 elementor-widget elementor-widget-text-editor\" data-id=\"6049cb1\" data-element_type=\"widget\" data-widget_type=\"text-editor.default\">\n\t\t\t\t<div class=\"elementor-widget-container\">\n\t\t\t\t\t\t\t\t\t<p><strong>Orientato al futuro, radicato nel territorio e attento al team: con il primo colpo di piccone, dato insieme alla direzione di H&#038;S e ai suoi dirigenti, al sindaco di Enzenkirchen Christian Gmundner e all&#8217;impresa edile Leithner Bau, il 20 marzo 2024 \u00e8 ufficialmente iniziata l&#8217;ampliamento della sede centrale di 1.950 m\u00b2. <\/strong><\/p>\n\t\t\t\t\t\t\t\t<\/div>\n\t\t\t\t<\/div>\n\t\t\t\t\t<\/div>\n\t\t<\/div>\n\t\t\t\t<div class=\"elementor-column elementor-col-50 elementor-top-column elementor-element elementor-element-e048166\" data-id=\"e048166\" data-element_type=\"column\">\n\t\t\t<div class=\"elementor-widget-wrap elementor-element-populated\">\n\t\t\t\t\t\t<div class=\"elementor-element elementor-element-488d43f elementor-widget elementor-widget-image\" data-id=\"488d43f\" data-element_type=\"widget\" data-widget_type=\"image.default\">\n\t\t\t\t<div class=\"elementor-widget-container\">\n\t\t\t\t\t\t\t\t\t\t\t\t\t\t\t<img fetchpriority=\"high\" decoding=\"async\" width=\"702\" height=\"526\" src=\"https:\/\/www.hs-kabeltechnik.at\/wp-content\/uploads\/2024\/03\/Spatenstich-702x526.jpg\" class=\"attachment-genesis-singular-images size-genesis-singular-images wp-image-9596\" alt=\"Cerimonia di apertura del terreno per H&amp;S Kabeltechnik\" srcset=\"https:\/\/www.hs-kabeltechnik.at\/wp-content\/uploads\/2024\/03\/Spatenstich-702x526.jpg 702w, https:\/\/www.hs-kabeltechnik.at\/wp-content\/uploads\/2024\/03\/Spatenstich-300x225.jpg 300w, https:\/\/www.hs-kabeltechnik.at\/wp-content\/uploads\/2024\/03\/Spatenstich-1024x768.jpg 1024w, https:\/\/www.hs-kabeltechnik.at\/wp-content\/uploads\/2024\/03\/Spatenstich-768x576.jpg 768w, https:\/\/www.hs-kabeltechnik.at\/wp-content\/uploads\/2024\/03\/Spatenstich-1536x1152.jpg 1536w, https:\/\/www.hs-kabeltechnik.at\/wp-content\/uploads\/2024\/03\/Spatenstich-2048x1536.jpg 2048w\" sizes=\"(max-width: 702px) 100vw, 702px\" \/>\t\t\t\t\t\t\t\t\t\t\t\t\t\t\t<\/div>\n\t\t\t\t<\/div>\n\t\t\t\t\t<\/div>\n\t\t<\/div>\n\t\t\t\t\t<\/div>\n\t\t<\/section>\n\t\t\t\t<section class=\"elementor-section elementor-top-section elementor-element elementor-element-9a2d517 elementor-section-boxed elementor-section-height-default elementor-section-height-default\" data-id=\"9a2d517\" data-element_type=\"section\">\n\t\t\t\t\t\t<div class=\"elementor-container elementor-column-gap-default\">\n\t\t\t\t\t<div class=\"elementor-column elementor-col-100 elementor-top-column elementor-element elementor-element-9e0c127\" data-id=\"9e0c127\" data-element_type=\"column\">\n\t\t\t<div class=\"elementor-widget-wrap elementor-element-populated\">\n\t\t\t\t\t\t<div class=\"elementor-element elementor-element-22dc59e elementor-widget elementor-widget-text-editor\" data-id=\"22dc59e\" data-element_type=\"widget\" data-widget_type=\"text-editor.default\">\n\t\t\t\t<div class=\"elementor-widget-container\">\n\t\t\t\t\t\t\t\t\t<p class=\"xmsonormal\">Per far fronte alla crescita continua e creare condizioni ottimali, \u00e8 stato investito nella fase di ampliamento successiva. In circa un anno \u00e8 stato realizzato un progetto complessivo ben congegnato che comprende uffici, magazzini, un parcheggio sotterraneo e ampie aree comuni. <\/p>\n<p class=\"xmsonormal\">Tutti sanno che spazi ufficio attraenti svolgono un ruolo importante nella quotidianit\u00e0 lavorativa, poich\u00e9 \u00e8 dimostrato che l&#8217;atmosfera dell&#8217;ufficio influisce sulla motivazione e sulla creativit\u00e0 di un team. \u201cIl benessere dei dipendenti \u00e8 la nostra priorit\u00e0 assoluta. Oltre a una serie di nuovi uffici, sono state realizzate anche ampie sale ricreative. I nuovi spazi ufficio di circa 620 m\u00b2 migliorano notevolmente la qualit\u00e0 del posto di lavoro\u201d, riferisce Markus Schroll.<\/p>\n<p class=\"xmsonormal\">Un altro punto forte del progetto edilizio \u00e8 un nuovissimo parcheggio sotterraneo di 885 m\u00b2 con stazioni di ricarica elettriche per la flotta aziendale di H&#038;S. Per H&#038;S Kabeltechnik \u00e8 ovvio che i lavori di costruzione siano affidati ad aziende della zona. \u201cSiamo molto soddisfatti dell&#8217;intera realizzazione e desideriamo ringraziare di cuore tutte le aziende esecutrici, il cui lavoro preciso e affidabile ha portato avanti il progetto. Con i nuovi locali siamo ben preparati per il futuro e possiamo posizionarci in modo ancora pi\u00f9 ampio sul mercato\u201d, afferma Christian Hochegger.<\/a>.<\/p>\n<p class=\"xmsonormal\">L&#8217;obiettivo dell&#8217;ampliamento era quello di creare un collegamento senza soluzione di continuit\u00e0 tra gli uffici e i magazzini esistenti e il nuovo edificio.<br \/>\nIl risultato \u00e8 un complesso edilizio moderno e integrato che offre ai nostri dipendenti un ambiente di lavoro confortevole e spazio per l&#8217;innovazione.<\/p>\n<p \n\n\t\t\t\t\t\t\t\t<\/div>\n\t\t\t\t<\/div>\n\t\t\t\t\t<\/div>\n\t\t<\/div>\n\t\t\t\t\t<\/div>\n\t\t<\/section>\n\t\t\t\t<section class=\"elementor-section elementor-top-section elementor-element elementor-element-2d7b1da elementor-section-boxed elementor-section-height-default elementor-section-height-default\" data-id=\"2d7b1da\" data-element_type=\"section\">\n\t\t\t\t\t\t<div class=\"elementor-container elementor-column-gap-default\">\n\t\t\t\t\t<div class=\"elementor-column elementor-col-50 elementor-top-column elementor-element elementor-element-d109085\" data-id=\"d109085\" data-element_type=\"column\">\n\t\t\t<div class=\"elementor-widget-wrap elementor-element-populated\">\n\t\t\t\t\t\t<div class=\"elementor-element elementor-element-6c4fa92 elementor-widget elementor-widget-heading\" data-id=\"6c4fa92\" data-element_type=\"widget\" data-widget_type=\"heading.default\">\n\t\t\t\t<div class=\"elementor-widget-container\">\n\t\t\t\t\t<h3 class=\"elementor-heading-title elementor-size-default\">Dal piano ...<\/h3>\t\t\t\t<\/div>\n\t\t\t\t<\/div>\n\t\t\t\t\t<\/div>\n\t\t<\/div>\n\t\t\t\t<div class=\"elementor-column elementor-col-50 elementor-top-column elementor-element elementor-element-4d4c532\" data-id=\"4d4c532\" data-element_type=\"column\">\n\t\t\t<div class=\"elementor-widget-wrap elementor-element-populated\">\n\t\t\t\t\t\t<div class=\"elementor-element elementor-element-19450c6 elementor-widget elementor-widget-heading\" data-id=\"19450c6\" data-element_type=\"widget\" data-widget_type=\"heading.default\">\n\t\t\t\t<div class=\"elementor-widget-container\">\n\t\t\t\t\t<h3 class=\"elementor-heading-title elementor-size-default\">... nella realt\u00e0<\/h3>\t\t\t\t<\/div>\n\t\t\t\t<\/div>\n\t\t\t\t\t<\/div>\n\t\t<\/div>\n\t\t\t\t\t<\/div>\n\t\t<\/section>\n\t\t\t\t<section class=\"elementor-section elementor-top-section elementor-element elementor-element-44244cb elementor-section-boxed elementor-section-height-default elementor-section-height-default\" data-id=\"44244cb\" data-element_type=\"section\">\n\t\t\t\t\t\t<div class=\"elementor-container elementor-column-gap-default\">\n\t\t\t\t\t<div class=\"elementor-column elementor-col-50 elementor-top-column elementor-element elementor-element-18b37b4\" data-id=\"18b37b4\" data-element_type=\"column\">\n\t\t\t<div class=\"elementor-widget-wrap elementor-element-populated\">\n\t\t\t\t\t\t<div class=\"elementor-element elementor-element-370fc9b elementor-widget elementor-widget-image\" data-id=\"370fc9b\" data-element_type=\"widget\" data-widget_type=\"image.default\">\n\t\t\t\t<div class=\"elementor-widget-container\">\n\t\t\t\t\t\t\t\t\t\t\t\t\t\t\t<img decoding=\"async\" width=\"1024\" height=\"576\" src=\"https:\/\/www.hs-kabeltechnik.at\/wp-content\/uploads\/2025\/09\/Eingangsbereich-HS-Kabeltechnik-Visualisierung-1024x576.jpg\" class=\"attachment-large size-large wp-image-13930\" alt=\"Area d&#039;ingresso H&amp;S Kabeltechnik - Visualizzazione\" srcset=\"https:\/\/www.hs-kabeltechnik.at\/wp-content\/uploads\/2025\/09\/Eingangsbereich-HS-Kabeltechnik-Visualisierung-1024x576.jpg 1024w, https:\/\/www.hs-kabeltechnik.at\/wp-content\/uploads\/2025\/09\/Eingangsbereich-HS-Kabeltechnik-Visualisierung-300x169.jpg 300w, https:\/\/www.hs-kabeltechnik.at\/wp-content\/uploads\/2025\/09\/Eingangsbereich-HS-Kabeltechnik-Visualisierung-768x432.jpg 768w, https:\/\/www.hs-kabeltechnik.at\/wp-content\/uploads\/2025\/09\/Eingangsbereich-HS-Kabeltechnik-Visualisierung.jpg 1280w\" sizes=\"(max-width: 1024px) 100vw, 1024px\" \/>\t\t\t\t\t\t\t\t\t\t\t\t\t\t\t<\/div>\n\t\t\t\t<\/div>\n\t\t\t\t\t<\/div>\n\t\t<\/div>\n\t\t\t\t<div class=\"elementor-column elementor-col-50 elementor-top-column elementor-element elementor-element-c1ffee0\" data-id=\"c1ffee0\" data-element_type=\"column\">\n\t\t\t<div class=\"elementor-widget-wrap elementor-element-populated\">\n\t\t\t\t\t\t<div class=\"elementor-element elementor-element-a13485b elementor-widget elementor-widget-image\" data-id=\"a13485b\" data-element_type=\"widget\" data-widget_type=\"image.default\">\n\t\t\t\t<div class=\"elementor-widget-container\">\n\t\t\t\t\t\t\t\t\t\t\t\t\t\t\t<img decoding=\"async\" width=\"1024\" height=\"577\" src=\"https:\/\/www.hs-kabeltechnik.at\/wp-content\/uploads\/2025\/09\/Eingangsbereich-HS-Kabeltechnik-Realitaet-1024x577.jpg\" class=\"attachment-large size-large wp-image-13920\" alt=\"Area d&#039;ingresso H&amp;S Kabeltechnik\" srcset=\"https:\/\/www.hs-kabeltechnik.at\/wp-content\/uploads\/2025\/09\/Eingangsbereich-HS-Kabeltechnik-Realitaet-1024x577.jpg 1024w, https:\/\/www.hs-kabeltechnik.at\/wp-content\/uploads\/2025\/09\/Eingangsbereich-HS-Kabeltechnik-Realitaet-300x169.jpg 300w, https:\/\/www.hs-kabeltechnik.at\/wp-content\/uploads\/2025\/09\/Eingangsbereich-HS-Kabeltechnik-Realitaet-768x432.jpg 768w, https:\/\/www.hs-kabeltechnik.at\/wp-content\/uploads\/2025\/09\/Eingangsbereich-HS-Kabeltechnik-Realitaet-1536x865.jpg 1536w, https:\/\/www.hs-kabeltechnik.at\/wp-content\/uploads\/2025\/09\/Eingangsbereich-HS-Kabeltechnik-Realitaet-2048x1153.jpg 2048w\" sizes=\"(max-width: 1024px) 100vw, 1024px\" \/>\t\t\t\t\t\t\t\t\t\t\t\t\t\t\t<\/div>\n\t\t\t\t<\/div>\n\t\t\t\t\t<\/div>\n\t\t<\/div>\n\t\t\t\t\t<\/div>\n\t\t<\/section>\n\t\t\t\t<section class=\"elementor-section elementor-top-section elementor-element elementor-element-928601c elementor-section-boxed elementor-section-height-default elementor-section-height-default\" data-id=\"928601c\" data-element_type=\"section\">\n\t\t\t\t\t\t<div class=\"elementor-container elementor-column-gap-default\">\n\t\t\t\t\t<div class=\"elementor-column elementor-col-50 elementor-top-column elementor-element elementor-element-cd01687\" data-id=\"cd01687\" data-element_type=\"column\">\n\t\t\t<div class=\"elementor-widget-wrap elementor-element-populated\">\n\t\t\t\t\t\t<div class=\"elementor-element elementor-element-b64f760 elementor-widget elementor-widget-image\" data-id=\"b64f760\" data-element_type=\"widget\" data-widget_type=\"image.default\">\n\t\t\t\t<div class=\"elementor-widget-container\">\n\t\t\t\t\t\t\t\t\t\t\t\t\t\t\t<img loading=\"lazy\" decoding=\"async\" width=\"1024\" height=\"576\" src=\"https:\/\/www.hs-kabeltechnik.at\/wp-content\/uploads\/2025\/09\/Lichthof-HS-Kabeltechnik-Visualisierung-1024x576.jpg\" class=\"attachment-large size-large wp-image-13925\" alt=\"Atrio H&amp;S Kabeltechnik - Visualizzazione\" srcset=\"https:\/\/www.hs-kabeltechnik.at\/wp-content\/uploads\/2025\/09\/Lichthof-HS-Kabeltechnik-Visualisierung-1024x576.jpg 1024w, https:\/\/www.hs-kabeltechnik.at\/wp-content\/uploads\/2025\/09\/Lichthof-HS-Kabeltechnik-Visualisierung-300x169.jpg 300w, https:\/\/www.hs-kabeltechnik.at\/wp-content\/uploads\/2025\/09\/Lichthof-HS-Kabeltechnik-Visualisierung-768x432.jpg 768w, https:\/\/www.hs-kabeltechnik.at\/wp-content\/uploads\/2025\/09\/Lichthof-HS-Kabeltechnik-Visualisierung.jpg 1280w\" sizes=\"(max-width: 1024px) 100vw, 1024px\" \/>\t\t\t\t\t\t\t\t\t\t\t\t\t\t\t<\/div>\n\t\t\t\t<\/div>\n\t\t\t\t\t<\/div>\n\t\t<\/div>\n\t\t\t\t<div class=\"elementor-column elementor-col-50 elementor-top-column elementor-element elementor-element-67f204f\" data-id=\"67f204f\" data-element_type=\"column\">\n\t\t\t<div class=\"elementor-widget-wrap elementor-element-populated\">\n\t\t\t\t\t\t<div class=\"elementor-element elementor-element-43a2f9d elementor-widget elementor-widget-image\" data-id=\"43a2f9d\" data-element_type=\"widget\" data-widget_type=\"image.default\">\n\t\t\t\t<div class=\"elementor-widget-container\">\n\t\t\t\t\t\t\t\t\t\t\t\t\t\t\t<img loading=\"lazy\" decoding=\"async\" width=\"1024\" height=\"577\" src=\"https:\/\/www.hs-kabeltechnik.at\/wp-content\/uploads\/2025\/09\/Lichthof-HS-Kabeltechnik-Realitaet-1024x577.jpg\" class=\"attachment-large size-large wp-image-13915\" alt=\"Atrio H&amp;S Kabeltechnik\" srcset=\"https:\/\/www.hs-kabeltechnik.at\/wp-content\/uploads\/2025\/09\/Lichthof-HS-Kabeltechnik-Realitaet-1024x577.jpg 1024w, https:\/\/www.hs-kabeltechnik.at\/wp-content\/uploads\/2025\/09\/Lichthof-HS-Kabeltechnik-Realitaet-300x169.jpg 300w, https:\/\/www.hs-kabeltechnik.at\/wp-content\/uploads\/2025\/09\/Lichthof-HS-Kabeltechnik-Realitaet-768x432.jpg 768w, https:\/\/www.hs-kabeltechnik.at\/wp-content\/uploads\/2025\/09\/Lichthof-HS-Kabeltechnik-Realitaet-1536x865.jpg 1536w, https:\/\/www.hs-kabeltechnik.at\/wp-content\/uploads\/2025\/09\/Lichthof-HS-Kabeltechnik-Realitaet-2048x1153.jpg 2048w\" sizes=\"(max-width: 1024px) 100vw, 1024px\" \/>\t\t\t\t\t\t\t\t\t\t\t\t\t\t\t<\/div>\n\t\t\t\t<\/div>\n\t\t\t\t\t<\/div>\n\t\t<\/div>\n\t\t\t\t\t<\/div>\n\t\t<\/section>\n\t\t\t\t<\/div>\n\t\t","protected":false},"excerpt":{"rendered":"<p>2024: H&#038;S Kabeltechnik amplia la propria sede centrale di Enzenkirchen di 1.950 m\u00b2.<\/p>\n","protected":false},"author":5,"featured_media":9596,"comment_status":"closed","ping_status":"open","sticky":false,"template":"","format":"standard","meta":{"_acf_changed":false,"_genesis_hide_title":false,"_genesis_hide_breadcrumbs":false,"_genesis_hide_singular_image":false,"_genesis_hide_footer_widgets":false,"_genesis_custom_body_class":"","_genesis_custom_post_class":"","_genesis_layout":"","footnotes":""},"categories":[32],"tags":[171],"class_list":{"0":"post-9605","1":"post","2":"type-post","3":"status-publish","4":"format-standard","5":"has-post-thumbnail","7":"category-non-categorizzato","8":"tag-ambiente","9":"entry"},"acf":[],"_links":{"self":[{"href":"https:\/\/www.hs-kabeltechnik.at\/it\/wp-json\/wp\/v2\/posts\/9605","targetHints":{"allow":["GET"]}}],"collection":[{"href":"https:\/\/www.hs-kabeltechnik.at\/it\/wp-json\/wp\/v2\/posts"}],"about":[{"href":"https:\/\/www.hs-kabeltechnik.at\/it\/wp-json\/wp\/v2\/types\/post"}],"author":[{"embeddable":true,"href":"https:\/\/www.hs-kabeltechnik.at\/it\/wp-json\/wp\/v2\/users\/5"}],"replies":[{"embeddable":true,"href":"https:\/\/www.hs-kabeltechnik.at\/it\/wp-json\/wp\/v2\/comments?post=9605"}],"version-history":[{"count":4,"href":"https:\/\/www.hs-kabeltechnik.at\/it\/wp-json\/wp\/v2\/posts\/9605\/revisions"}],"predecessor-version":[{"id":13940,"href":"https:\/\/www.hs-kabeltechnik.at\/it\/wp-json\/wp\/v2\/posts\/9605\/revisions\/13940"}],"wp:featuredmedia":[{"embeddable":true,"href":"https:\/\/www.hs-kabeltechnik.at\/it\/wp-json\/wp\/v2\/media\/9596"}],"wp:attachment":[{"href":"https:\/\/www.hs-kabeltechnik.at\/it\/wp-json\/wp\/v2\/media?parent=9605"}],"wp:term":[{"taxonomy":"category","embeddable":true,"href":"https:\/\/www.hs-kabeltechnik.at\/it\/wp-json\/wp\/v2\/categories?post=9605"},{"taxonomy":"post_tag","embeddable":true,"href":"https:\/\/www.hs-kabeltechnik.at\/it\/wp-json\/wp\/v2\/tags?post=9605"}],"curies":[{"name":"wp","href":"https:\/\/api.w.org\/{rel}","templated":true}]}}