{"id":14311,"date":"2025-10-28T10:04:27","date_gmt":"2025-10-28T10:04:27","guid":{"rendered":"https:\/\/www.hs-kabeltechnik.at\/fiera-del-futuro-schaerding-2025\/"},"modified":"2025-10-28T12:19:10","modified_gmt":"2025-10-28T12:19:10","slug":"fiera-del-futuro-schaerding-2025","status":"publish","type":"post","link":"https:\/\/www.hs-kabeltechnik.at\/it\/fiera-del-futuro-schaerding-2025\/","title":{"rendered":"Fiera del Futuro Sch\u00e4rding 2025"},"content":{"rendered":"\t\t<div data-elementor-type=\"wp-post\" data-elementor-id=\"14311\" class=\"elementor elementor-14311 elementor-14273\" data-elementor-post-type=\"post\">\n\t\t\t\t\t\t<section class=\"elementor-section elementor-top-section elementor-element elementor-element-cab1dda elementor-section-boxed elementor-section-height-default elementor-section-height-default\" data-id=\"cab1dda\" data-element_type=\"section\">\n\t\t\t\t\t\t<div class=\"elementor-container elementor-column-gap-default\">\n\t\t\t\t\t<div class=\"elementor-column elementor-col-100 elementor-top-column elementor-element elementor-element-af8c97e\" data-id=\"af8c97e\" data-element_type=\"column\">\n\t\t\t<div class=\"elementor-widget-wrap elementor-element-populated\">\n\t\t\t\t\t\t<div class=\"elementor-element elementor-element-1bb0b5d elementor-widget elementor-widget-heading\" data-id=\"1bb0b5d\" data-element_type=\"widget\" data-widget_type=\"heading.default\">\n\t\t\t\t<div class=\"elementor-widget-container\">\n\t\t\t\t\t<h3 class=\"elementor-heading-title elementor-size-default\">Ottobre 2025<\/h3>\t\t\t\t<\/div>\n\t\t\t\t<\/div>\n\t\t\t\t\t<\/div>\n\t\t<\/div>\n\t\t\t\t\t<\/div>\n\t\t<\/section>\n\t\t\t\t<section class=\"elementor-section elementor-top-section elementor-element elementor-element-457bb4a elementor-section-boxed elementor-section-height-default elementor-section-height-default\" data-id=\"457bb4a\" data-element_type=\"section\">\n\t\t\t\t\t\t<div class=\"elementor-container elementor-column-gap-default\">\n\t\t\t\t\t<div class=\"elementor-column elementor-col-100 elementor-top-column elementor-element elementor-element-c934f01\" data-id=\"c934f01\" data-element_type=\"column\">\n\t\t\t<div class=\"elementor-widget-wrap elementor-element-populated\">\n\t\t\t\t\t\t<div class=\"elementor-element elementor-element-4993d13 elementor-widget elementor-widget-heading\" data-id=\"4993d13\" data-element_type=\"widget\" data-widget_type=\"heading.default\">\n\t\t\t\t<div class=\"elementor-widget-container\">\n\t\t\t\t\t<h3 class=\"elementor-heading-title elementor-size-default\"><br>Venerd\u00ec 17 e sabato 18 ottobre 2025, il palazzetto dello sport del distretto di Sch\u00e4rding ha nuovamente aperto le sue porte per ospitare la pi\u00f9 grande fiera dell\u2019apprendistato del distretto.<br><br><\/h3>\t\t\t\t<\/div>\n\t\t\t\t<\/div>\n\t\t\t\t\t<\/div>\n\t\t<\/div>\n\t\t\t\t\t<\/div>\n\t\t<\/section>\n\t\t\t\t<section class=\"elementor-section elementor-top-section elementor-element elementor-element-8c8ca2a elementor-section-boxed elementor-section-height-default elementor-section-height-default\" data-id=\"8c8ca2a\" data-element_type=\"section\">\n\t\t\t\t\t\t<div class=\"elementor-container elementor-column-gap-default\">\n\t\t\t\t\t<div class=\"elementor-column elementor-col-50 elementor-top-column elementor-element elementor-element-abbd2be\" data-id=\"abbd2be\" data-element_type=\"column\">\n\t\t\t<div class=\"elementor-widget-wrap elementor-element-populated\">\n\t\t\t\t\t\t<div class=\"elementor-element elementor-element-add7ee8 elementor-widget elementor-widget-text-editor\" data-id=\"add7ee8\" data-element_type=\"widget\" data-widget_type=\"text-editor.default\">\n\t\t\t\t<div class=\"elementor-widget-container\">\n\t\t\t\t\t\t\t\t\tLa Fiera del Futuro di Sch\u00e4rding offre ai giovani e ai loro genitori la possibilit\u00e0 di informarsi in modo approfondito sui mestieri artigianali, le opportunit\u00e0 di formazione e le aziende con i loro valori.<br><br>Per il terzo anno consecutivo abbiamo colto questa opportunit\u00e0 per presentare la nostra azienda a oltre un migliaio di giovani visitatori della regione. Per noi, questa fiera \u00e8 un\u2019importante occasione per mostrare quanto possa essere vario e interessante un apprendistato come impiegata o impiegato d\u2019ufficio presso la nostra azienda.<br><br>\u00abLa Fiera del Futuro di Sch\u00e4rding \u00e8 sempre organizzata in modo eccellente. Ci offre la piattaforma ideale per presentare la nostra azienda e spiegare come si svolge un apprendistato da noi\u00bb, afferma Melanie Dietach, responsabile marketing.\t\t\t\t\t\t\t\t<\/div>\n\t\t\t\t<\/div>\n\t\t\t\t\t<\/div>\n\t\t<\/div>\n\t\t\t\t<div class=\"elementor-column elementor-col-50 elementor-top-column elementor-element elementor-element-2f4fa67\" data-id=\"2f4fa67\" data-element_type=\"column\">\n\t\t\t<div class=\"elementor-widget-wrap elementor-element-populated\">\n\t\t\t\t\t\t<div class=\"elementor-element elementor-element-edf3054 elementor-widget elementor-widget-image\" data-id=\"edf3054\" data-element_type=\"widget\" data-widget_type=\"image.default\">\n\t\t\t\t<div class=\"elementor-widget-container\">\n\t\t\t\t\t\t\t\t\t\t\t\t\t\t\t<img fetchpriority=\"high\" decoding=\"async\" width=\"800\" height=\"640\" src=\"https:\/\/www.hs-kabeltechnik.at\/wp-content\/uploads\/2025\/10\/2510_Zukunftsmesse-1.jpg\" class=\"attachment-large size-large wp-image-14288\" alt=\"Jugendliche auf der Zukunftsmesse 2025\" srcset=\"https:\/\/www.hs-kabeltechnik.at\/wp-content\/uploads\/2025\/10\/2510_Zukunftsmesse-1.jpg 800w, https:\/\/www.hs-kabeltechnik.at\/wp-content\/uploads\/2025\/10\/2510_Zukunftsmesse-1-300x240.jpg 300w, https:\/\/www.hs-kabeltechnik.at\/wp-content\/uploads\/2025\/10\/2510_Zukunftsmesse-1-768x614.jpg 768w\" sizes=\"(max-width: 800px) 100vw, 800px\" \/>\t\t\t\t\t\t\t\t\t\t\t\t\t\t\t<\/div>\n\t\t\t\t<\/div>\n\t\t\t\t\t<\/div>\n\t\t<\/div>\n\t\t\t\t\t<\/div>\n\t\t<\/section>\n\t\t\t\t<section class=\"elementor-section elementor-top-section elementor-element elementor-element-5a81932 elementor-section-boxed elementor-section-height-default elementor-section-height-default\" data-id=\"5a81932\" data-element_type=\"section\">\n\t\t\t\t\t\t<div class=\"elementor-container elementor-column-gap-default\">\n\t\t\t\t\t<div class=\"elementor-column elementor-col-50 elementor-top-column elementor-element elementor-element-6720acb\" data-id=\"6720acb\" data-element_type=\"column\">\n\t\t\t<div class=\"elementor-widget-wrap elementor-element-populated\">\n\t\t\t\t\t\t<div class=\"elementor-element elementor-element-552d64d elementor-widget elementor-widget-text-editor\" data-id=\"552d64d\" data-element_type=\"widget\" data-widget_type=\"text-editor.default\">\n\t\t\t\t<div class=\"elementor-widget-container\">\n\t\t\t\t\t\t\t\t\t<p data-start=\"1713\" data-end=\"2114\">Abbiamo anche pensato a qualcosa di speciale per il nostro stand: i giovani visitatori hanno potuto conoscere da vicino i nostri <a href=\"https:\/\/www.hs-kabeltechnik.at\/it\/produkte\/\">prodotti<\/a> e mettersi alla prova. Su una tavola di installazione appositamente preparata hanno potuto esercitarsi e, alla fine, portare a casa un cuore realizzato con le proprie mani. Siamo rimasti davvero colpiti dall\u2019abilit\u00e0 e dalla creativit\u00e0 di questi giovani talenti!<\/p><br><p data-start=\"1713\" data-end=\"2114\"><strong>Ringraziamo di cuore tutte le persone che hanno visitato il nostro stand e non vediamo l\u2019ora di partecipare di nuovo alla Fiera del Futuro anche nel 2026.<\/strong><\/p>\t\t\t\t\t\t\t\t<\/div>\n\t\t\t\t<\/div>\n\t\t\t\t\t<\/div>\n\t\t<\/div>\n\t\t\t\t<div class=\"elementor-column elementor-col-50 elementor-top-column elementor-element elementor-element-6cdcb24\" data-id=\"6cdcb24\" data-element_type=\"column\">\n\t\t\t<div class=\"elementor-widget-wrap elementor-element-populated\">\n\t\t\t\t\t\t<div class=\"elementor-element elementor-element-da3a9ad elementor-cta--skin-classic elementor-animated-content elementor-bg-transform elementor-bg-transform-zoom-in elementor-widget elementor-widget-call-to-action\" data-id=\"da3a9ad\" data-element_type=\"widget\" data-widget_type=\"call-to-action.default\">\n\t\t\t\t<div class=\"elementor-widget-container\">\n\t\t\t\t\t\t\t<div class=\"elementor-cta\">\n\t\t\t\t\t\t\t<div class=\"elementor-cta__content\">\n\t\t\t\t\n\t\t\t\t\t\t\t\t\t<h2 class=\"elementor-cta__title elementor-cta__content-item elementor-content-item\">\n\t\t\t\t\t\tVuoi saperne di pi\u00f9?\t\t\t\t\t<\/h2>\n\t\t\t\t\n\t\t\t\t\t\t\t\t\t<div class=\"elementor-cta__description elementor-cta__content-item elementor-content-item\">\n\t\t\t\t\t\t<p data-start=\"2304\" data-end=\"2363\">Ecco l\u2019articolo del nostro partner mediatico MeinBezirk<\/p>\n\t\t\t\t\t<\/div>\n\t\t\t\t\n\t\t\t\t\t\t\t\t\t<div class=\"elementor-cta__button-wrapper elementor-cta__content-item elementor-content-item \">\n\t\t\t\t\t<a class=\"elementor-cta__button elementor-button elementor-size-\" href=\"https:\/\/www.meinbezirk.at\/schaerding\/c-wirtschaft\/die-zukunftsmesse-2025-in-schaerding-lehre-hautnah_a7749299#gallery=null\" rel=\"noopener\">\n\t\t\t\t\t\tAl rapporto\t\t\t\t\t<\/a>\n\t\t\t\t\t<\/div>\n\t\t\t\t\t\t\t<\/div>\n\t\t\t\t\t\t<\/div>\n\t\t\t\t\t\t<\/div>\n\t\t\t\t<\/div>\n\t\t\t\t\t<\/div>\n\t\t<\/div>\n\t\t\t\t\t<\/div>\n\t\t<\/section>\n\t\t\t\t<section class=\"elementor-section elementor-top-section elementor-element elementor-element-da14721 elementor-section-boxed elementor-section-height-default elementor-section-height-default\" data-id=\"da14721\" data-element_type=\"section\">\n\t\t\t\t\t\t<div class=\"elementor-container elementor-column-gap-default\">\n\t\t\t\t\t<div class=\"elementor-column elementor-col-50 elementor-top-column elementor-element elementor-element-8c190b4\" data-id=\"8c190b4\" data-element_type=\"column\">\n\t\t\t<div class=\"elementor-widget-wrap elementor-element-populated\">\n\t\t\t\t\t\t<div class=\"elementor-element elementor-element-9d63c5b elementor-widget elementor-widget-heading\" data-id=\"9d63c5b\" data-element_type=\"widget\" data-widget_type=\"heading.default\">\n\t\t\t\t<div class=\"elementor-widget-container\">\n\t\t\t\t\t<h2 class=\"elementor-heading-title elementor-size-default\">Il nostro team sul posto:<\/h2>\t\t\t\t<\/div>\n\t\t\t\t<\/div>\n\t\t\t\t\t<\/div>\n\t\t<\/div>\n\t\t\t\t<div class=\"elementor-column elementor-col-50 elementor-top-column elementor-element elementor-element-9061cb7\" data-id=\"9061cb7\" data-element_type=\"column\">\n\t\t\t<div class=\"elementor-widget-wrap elementor-element-populated\">\n\t\t\t\t\t\t\t<\/div>\n\t\t<\/div>\n\t\t\t\t\t<\/div>\n\t\t<\/section>\n\t\t\t\t<section class=\"elementor-section elementor-top-section elementor-element elementor-element-869d422 elementor-section-boxed elementor-section-height-default elementor-section-height-default\" data-id=\"869d422\" data-element_type=\"section\">\n\t\t\t\t\t\t<div class=\"elementor-container elementor-column-gap-default\">\n\t\t\t\t\t<div class=\"elementor-column elementor-col-50 elementor-top-column elementor-element elementor-element-ff8222f\" data-id=\"ff8222f\" data-element_type=\"column\">\n\t\t\t<div class=\"elementor-widget-wrap elementor-element-populated\">\n\t\t\t\t\t\t<div class=\"elementor-element elementor-element-a28a666 elementor-widget elementor-widget-image\" data-id=\"a28a666\" data-element_type=\"widget\" data-widget_type=\"image.default\">\n\t\t\t\t<div class=\"elementor-widget-container\">\n\t\t\t\t\t\t\t\t\t\t\t\t\t\t\t<img decoding=\"async\" width=\"1024\" height=\"682\" src=\"https:\/\/www.hs-kabeltechnik.at\/wp-content\/uploads\/2025\/10\/2510_Zukunftsmesse_T1-1024x682.png\" class=\"attachment-large size-large wp-image-14293\" alt=\"Standpersonal Tag 1 Zukunftsmesse 2025\" srcset=\"https:\/\/www.hs-kabeltechnik.at\/wp-content\/uploads\/2025\/10\/2510_Zukunftsmesse_T1-1024x682.png 1024w, https:\/\/www.hs-kabeltechnik.at\/wp-content\/uploads\/2025\/10\/2510_Zukunftsmesse_T1-300x200.png 300w, https:\/\/www.hs-kabeltechnik.at\/wp-content\/uploads\/2025\/10\/2510_Zukunftsmesse_T1-768x512.png 768w, https:\/\/www.hs-kabeltechnik.at\/wp-content\/uploads\/2025\/10\/2510_Zukunftsmesse_T1.png 1184w\" sizes=\"(max-width: 1024px) 100vw, 1024px\" \/>\t\t\t\t\t\t\t\t\t\t\t\t\t\t\t<\/div>\n\t\t\t\t<\/div>\n\t\t\t\t\t<\/div>\n\t\t<\/div>\n\t\t\t\t<div class=\"elementor-column elementor-col-50 elementor-top-column elementor-element elementor-element-e70e6a0\" data-id=\"e70e6a0\" data-element_type=\"column\">\n\t\t\t<div class=\"elementor-widget-wrap elementor-element-populated\">\n\t\t\t\t\t\t<div class=\"elementor-element elementor-element-d9171a8 elementor-widget elementor-widget-image\" data-id=\"d9171a8\" data-element_type=\"widget\" data-widget_type=\"image.default\">\n\t\t\t\t<div class=\"elementor-widget-container\">\n\t\t\t\t\t\t\t\t\t\t\t\t\t\t\t<img decoding=\"async\" width=\"738\" height=\"492\" src=\"https:\/\/www.hs-kabeltechnik.at\/wp-content\/uploads\/2025\/10\/2510_Zukunftsmesse_T2.jpg\" class=\"attachment-large size-large wp-image-14298\" alt=\"Standpersonal Tag 2 Zukunftsmesse 2025\" srcset=\"https:\/\/www.hs-kabeltechnik.at\/wp-content\/uploads\/2025\/10\/2510_Zukunftsmesse_T2.jpg 738w, https:\/\/www.hs-kabeltechnik.at\/wp-content\/uploads\/2025\/10\/2510_Zukunftsmesse_T2-300x200.jpg 300w\" sizes=\"(max-width: 738px) 100vw, 738px\" \/>\t\t\t\t\t\t\t\t\t\t\t\t\t\t\t<\/div>\n\t\t\t\t<\/div>\n\t\t\t\t\t<\/div>\n\t\t<\/div>\n\t\t\t\t\t<\/div>\n\t\t<\/section>\n\t\t\t\t<section class=\"elementor-section elementor-top-section elementor-element elementor-element-e7f5234 elementor-section-boxed elementor-section-height-default elementor-section-height-default\" data-id=\"e7f5234\" data-element_type=\"section\">\n\t\t\t\t\t\t<div class=\"elementor-container elementor-column-gap-default\">\n\t\t\t\t\t<div class=\"elementor-column elementor-col-50 elementor-top-column elementor-element elementor-element-6804421\" data-id=\"6804421\" data-element_type=\"column\">\n\t\t\t<div class=\"elementor-widget-wrap elementor-element-populated\">\n\t\t\t\t\t\t<div class=\"elementor-element elementor-element-3c57921 elementor-widget elementor-widget-heading\" data-id=\"3c57921\" data-element_type=\"widget\" data-widget_type=\"heading.default\">\n\t\t\t\t<div class=\"elementor-widget-container\">\n\t\t\t\t\t<h6 class=\"elementor-heading-title elementor-size-default\">Personale dello stand \u2013 venerd\u00ec: Leni Schatzberger, Andreas Gumpoltsberger e Melanie Dietach<\/h6>\t\t\t\t<\/div>\n\t\t\t\t<\/div>\n\t\t\t\t\t<\/div>\n\t\t<\/div>\n\t\t\t\t<div class=\"elementor-column elementor-col-50 elementor-top-column elementor-element elementor-element-e1e7acb\" data-id=\"e1e7acb\" data-element_type=\"column\">\n\t\t\t<div class=\"elementor-widget-wrap elementor-element-populated\">\n\t\t\t\t\t\t<div class=\"elementor-element elementor-element-e3334a3 elementor-widget elementor-widget-heading\" data-id=\"e3334a3\" data-element_type=\"widget\" data-widget_type=\"heading.default\">\n\t\t\t\t<div class=\"elementor-widget-container\">\n\t\t\t\t\t<h6 class=\"elementor-heading-title elementor-size-default\">Personale dello stand \u2013 sabato: Leon Br\u00fcckl, Eva Enzlm\u00fcller e Patrick Ringer<\/h6>\t\t\t\t<\/div>\n\t\t\t\t<\/div>\n\t\t\t\t\t<\/div>\n\t\t<\/div>\n\t\t\t\t\t<\/div>\n\t\t<\/section>\n\t\t\t\t<\/div>\n\t\t","protected":false},"excerpt":{"rendered":"<p>2025: Il 17 e 18 ottobre 2025 la Fiera del Futuro di Sch\u00e4rding ha nuovamente aperto le sue porte, e noi eravamo presenti come espositori. Maggiori informazioni sono disponibili qui.<\/p>\n","protected":false},"author":5,"featured_media":14293,"comment_status":"closed","ping_status":"open","sticky":false,"template":"","format":"standard","meta":{"_acf_changed":false,"_genesis_hide_title":false,"_genesis_hide_breadcrumbs":false,"_genesis_hide_singular_image":false,"_genesis_hide_footer_widgets":false,"_genesis_custom_body_class":"","_genesis_custom_post_class":"","_genesis_layout":"","footnotes":""},"categories":[32],"tags":[192,273],"class_list":{"0":"post-14311","1":"post","2":"type-post","3":"status-publish","4":"format-standard","5":"has-post-thumbnail","7":"category-non-categorizzato","8":"tag-fiera-del-futuro","9":"tag-fiera-del-futuro-schaerding-2025","10":"entry"},"acf":[],"_links":{"self":[{"href":"https:\/\/www.hs-kabeltechnik.at\/it\/wp-json\/wp\/v2\/posts\/14311","targetHints":{"allow":["GET"]}}],"collection":[{"href":"https:\/\/www.hs-kabeltechnik.at\/it\/wp-json\/wp\/v2\/posts"}],"about":[{"href":"https:\/\/www.hs-kabeltechnik.at\/it\/wp-json\/wp\/v2\/types\/post"}],"author":[{"embeddable":true,"href":"https:\/\/www.hs-kabeltechnik.at\/it\/wp-json\/wp\/v2\/users\/5"}],"replies":[{"embeddable":true,"href":"https:\/\/www.hs-kabeltechnik.at\/it\/wp-json\/wp\/v2\/comments?post=14311"}],"version-history":[{"count":1,"href":"https:\/\/www.hs-kabeltechnik.at\/it\/wp-json\/wp\/v2\/posts\/14311\/revisions"}],"predecessor-version":[{"id":14312,"href":"https:\/\/www.hs-kabeltechnik.at\/it\/wp-json\/wp\/v2\/posts\/14311\/revisions\/14312"}],"wp:featuredmedia":[{"embeddable":true,"href":"https:\/\/www.hs-kabeltechnik.at\/it\/wp-json\/wp\/v2\/media\/14293"}],"wp:attachment":[{"href":"https:\/\/www.hs-kabeltechnik.at\/it\/wp-json\/wp\/v2\/media?parent=14311"}],"wp:term":[{"taxonomy":"category","embeddable":true,"href":"https:\/\/www.hs-kabeltechnik.at\/it\/wp-json\/wp\/v2\/categories?post=14311"},{"taxonomy":"post_tag","embeddable":true,"href":"https:\/\/www.hs-kabeltechnik.at\/it\/wp-json\/wp\/v2\/tags?post=14311"}],"curies":[{"name":"wp","href":"https:\/\/api.w.org\/{rel}","templated":true}]}}