{"id":10456,"date":"2024-11-18T12:07:39","date_gmt":"2024-11-18T12:07:39","guid":{"rendered":"https:\/\/p-ga7ckg.project.space\/fiera-del-futuro-schaerding-2024\/"},"modified":"2025-06-16T04:32:35","modified_gmt":"2025-06-16T04:32:35","slug":"fiera-del-futuro-schaerding-2024","status":"publish","type":"post","link":"https:\/\/www.hs-kabeltechnik.at\/it\/fiera-del-futuro-schaerding-2024\/","title":{"rendered":"Fiera del futuro Sch\u00e4rding 2024"},"content":{"rendered":"\t\t<div data-elementor-type=\"wp-post\" data-elementor-id=\"10456\" class=\"elementor elementor-10456 elementor-10397\" data-elementor-post-type=\"post\">\n\t\t\t\t\t\t<section class=\"elementor-section elementor-top-section elementor-element elementor-element-cab1dda elementor-section-boxed elementor-section-height-default elementor-section-height-default\" data-id=\"cab1dda\" data-element_type=\"section\">\n\t\t\t\t\t\t<div class=\"elementor-container elementor-column-gap-default\">\n\t\t\t\t\t<div class=\"elementor-column elementor-col-100 elementor-top-column elementor-element elementor-element-af8c97e\" data-id=\"af8c97e\" data-element_type=\"column\">\n\t\t\t<div class=\"elementor-widget-wrap elementor-element-populated\">\n\t\t\t\t\t\t<div class=\"elementor-element elementor-element-1bb0b5d elementor-widget elementor-widget-heading\" data-id=\"1bb0b5d\" data-element_type=\"widget\" data-widget_type=\"heading.default\">\n\t\t\t\t<div class=\"elementor-widget-container\">\n\t\t\t\t\t<h3 class=\"elementor-heading-title elementor-size-default\">Ottobre 2024<\/h3>\t\t\t\t<\/div>\n\t\t\t\t<\/div>\n\t\t\t\t\t<\/div>\n\t\t<\/div>\n\t\t\t\t\t<\/div>\n\t\t<\/section>\n\t\t\t\t<section class=\"elementor-section elementor-top-section elementor-element elementor-element-a6f6f07 elementor-section-boxed elementor-section-height-default elementor-section-height-default\" data-id=\"a6f6f07\" data-element_type=\"section\">\n\t\t\t\t\t\t<div class=\"elementor-container elementor-column-gap-default\">\n\t\t\t\t\t<div class=\"elementor-column elementor-col-100 elementor-top-column elementor-element elementor-element-83d7f76\" data-id=\"83d7f76\" data-element_type=\"column\">\n\t\t\t<div class=\"elementor-widget-wrap elementor-element-populated\">\n\t\t\t\t\t\t<div class=\"elementor-element elementor-element-38ecdc8 elementor-widget elementor-widget-heading\" data-id=\"38ecdc8\" data-element_type=\"widget\" data-widget_type=\"heading.default\">\n\t\t\t\t<div class=\"elementor-widget-container\">\n\t\t\t\t\t<h3 class=\"elementor-heading-title elementor-size-default\"><a href=\"https:\/\/www.hs-kabeltechnik.at\/\/it\/hs-kabeltechnik-continua-a-crescere\/\">Con 71 espositori, pi\u00f9 che mai, la Future Fair di quest'anno si \u00e8 svolta a Sch\u00e4rding il 18-19 ottobre 2024.<\/a><\/h3>\t\t\t\t<\/div>\n\t\t\t\t<\/div>\n\t\t\t\t\t<\/div>\n\t\t<\/div>\n\t\t\t\t\t<\/div>\n\t\t<\/section>\n\t\t\t\t<section class=\"elementor-section elementor-top-section elementor-element elementor-element-8c8ca2a elementor-section-boxed elementor-section-height-default elementor-section-height-default\" data-id=\"8c8ca2a\" data-element_type=\"section\">\n\t\t\t\t\t\t<div class=\"elementor-container elementor-column-gap-default\">\n\t\t\t\t\t<div class=\"elementor-column elementor-col-50 elementor-top-column elementor-element elementor-element-abbd2be\" data-id=\"abbd2be\" data-element_type=\"column\">\n\t\t\t<div class=\"elementor-widget-wrap elementor-element-populated\">\n\t\t\t\t\t\t<div class=\"elementor-element elementor-element-add7ee8 elementor-widget elementor-widget-text-editor\" data-id=\"add7ee8\" data-element_type=\"widget\" data-widget_type=\"text-editor.default\">\n\t\t\t\t<div class=\"elementor-widget-container\">\n\t\t\t\t\t\t\t\t\t<p>Con circa 1.200 visitatori, la Future Fair \u00e8 una delle fiere pi\u00f9 importanti per i giovani e le carriere nella regione.\u00a0<\/p>\n<p>SAnche quest&#8217;anno eravamo presenti come espositori e abbiamo sfruttato questa grande opportunit\u00e0 per entrare in contatto diretto con i giovani. La fiera dell&#8217;apprendistato di Sch\u00e4rding \u00e8 stata un&#8217;occasione fondamentale per accompagnare i giovani nel loro percorso verso la formazione dei lavoratori qualificati di domani. Siamo lieti di offrire ai giovani e ai loro genitori una visione personale del nostro mondo aziendale e dei nostri programmi di formazione. Il nostro obiettivo \u00e8 quello di suscitare interesse per la nostra azienda e di mostrare le diverse opportunit\u00e0 che essa offre. <\/p>\n<p>La Fiera del Futuro ci permette di rispondere alle domande, di dare uno sguardo alla vita lavorativa quotidiana e di presentare il nostro programma di apprendistato \u201cImpiegato d&#8217;ufficio\u201d. Qui i visitatori possono scoprire direttamente dai nostri attuali apprendisti e formatori com&#8217;\u00e8 l&#8217;apprendistato in H&amp;S e quali opportunit\u00e0 offre il nostro apprendistato\u201c, afferma <a href=\u201dhttps:\/\/hs-kabeltechnik.at\/alle-mitarbeiter\/andreas-gumpoltsberger\/\">Andreas Gumpoltsberger.<\/a><\/p>\n<p>Sosteniamo attivamente i giovani nella loro decisione di intraprendere una formazione professionale e lavoriamo insieme per plasmare il futuro della nostra azienda e del nostro settore. <br \/><strong>La data del 17 e 18 ottobre 2025 per la prossima edizione della Future Fair \u00e8 gi\u00e0 stata fissata e non vediamo l&#8217;ora di esserci di nuovo!<\/strong><\/p>\n\t\t\t\t\t\t\t\t<\/div>\n\t\t\t\t<\/div>\n\t\t\t\t\t<\/div>\n\t\t<\/div>\n\t\t\t\t<div class=\"elementor-column elementor-col-50 elementor-top-column elementor-element elementor-element-2f4fa67\" data-id=\"2f4fa67\" data-element_type=\"column\">\n\t\t\t<div class=\"elementor-widget-wrap elementor-element-populated\">\n\t\t\t\t\t\t<div class=\"elementor-element elementor-element-c189084 elementor-widget__width-initial elementor-widget elementor-widget-video\" data-id=\"c189084\" data-element_type=\"widget\" data-settings=\"{&quot;video_type&quot;:&quot;hosted&quot;,&quot;controls&quot;:&quot;yes&quot;}\" data-widget_type=\"video.default\">\n\t\t\t\t<div class=\"elementor-widget-container\">\n\t\t\t\t\t\t\t<div class=\"e-hosted-video elementor-wrapper elementor-open-inline\">\n\t\t\t\t\t<video class=\"elementor-video\" src=\"https:\/\/hs-kabeltechnik.at\/wp-content\/uploads\/2024\/11\/Elegant-Beige-Launching-Soon-Instagram-Reel.mp4\" controls=\"\" preload=\"metadata\" controlsList=\"nodownload\"><\/video>\n\t\t\t\t<\/div>\n\t\t\t\t\t\t<\/div>\n\t\t\t\t<\/div>\n\t\t\t\t\t<\/div>\n\t\t<\/div>\n\t\t\t\t\t<\/div>\n\t\t<\/section>\n\t\t\t\t<section class=\"elementor-section elementor-top-section elementor-element elementor-element-da14721 elementor-section-boxed elementor-section-height-default elementor-section-height-default\" data-id=\"da14721\" data-element_type=\"section\">\n\t\t\t\t\t\t<div class=\"elementor-container elementor-column-gap-default\">\n\t\t\t\t\t<div class=\"elementor-column elementor-col-50 elementor-top-column elementor-element elementor-element-8c190b4\" data-id=\"8c190b4\" data-element_type=\"column\">\n\t\t\t<div class=\"elementor-widget-wrap elementor-element-populated\">\n\t\t\t\t\t\t<div class=\"elementor-element elementor-element-9d63c5b elementor-widget elementor-widget-heading\" data-id=\"9d63c5b\" data-element_type=\"widget\" data-widget_type=\"heading.default\">\n\t\t\t\t<div class=\"elementor-widget-container\">\n\t\t\t\t\t<h2 class=\"elementor-heading-title elementor-size-default\">Il nostro team in loco:<\/h2>\t\t\t\t<\/div>\n\t\t\t\t<\/div>\n\t\t\t\t\t<\/div>\n\t\t<\/div>\n\t\t\t\t<div class=\"elementor-column elementor-col-50 elementor-top-column elementor-element elementor-element-9061cb7\" data-id=\"9061cb7\" data-element_type=\"column\">\n\t\t\t<div class=\"elementor-widget-wrap elementor-element-populated\">\n\t\t\t\t\t\t\t<\/div>\n\t\t<\/div>\n\t\t\t\t\t<\/div>\n\t\t<\/section>\n\t\t\t\t<section class=\"elementor-section elementor-top-section elementor-element elementor-element-98446f5 elementor-section-boxed elementor-section-height-default elementor-section-height-default\" data-id=\"98446f5\" data-element_type=\"section\">\n\t\t\t\t\t\t<div class=\"elementor-container elementor-column-gap-default\">\n\t\t\t\t\t<div class=\"elementor-column elementor-col-50 elementor-top-column elementor-element elementor-element-92495c4\" data-id=\"92495c4\" data-element_type=\"column\">\n\t\t\t<div class=\"elementor-widget-wrap elementor-element-populated\">\n\t\t\t\t\t\t<div class=\"elementor-element elementor-element-d9bdba1 elementor-widget elementor-widget-image\" data-id=\"d9bdba1\" data-element_type=\"widget\" data-widget_type=\"image.default\">\n\t\t\t\t<div class=\"elementor-widget-container\">\n\t\t\t\t\t\t\t\t\t\t\t\t\t\t\t<img fetchpriority=\"high\" decoding=\"async\" width=\"1024\" height=\"683\" src=\"https:\/\/www.hs-kabeltechnik.at\/wp-content\/uploads\/2024\/11\/Andreas-Melanie-Jonas-Lehrlingsmesse-1024x683.jpg\" class=\"attachment-large size-large wp-image-10401\" alt=\"Fiera del futuro il personale del nostro stand il giorno 1\" srcset=\"https:\/\/www.hs-kabeltechnik.at\/wp-content\/uploads\/2024\/11\/Andreas-Melanie-Jonas-Lehrlingsmesse-1024x683.jpg 1024w, https:\/\/www.hs-kabeltechnik.at\/wp-content\/uploads\/2024\/11\/Andreas-Melanie-Jonas-Lehrlingsmesse-300x200.jpg 300w, https:\/\/www.hs-kabeltechnik.at\/wp-content\/uploads\/2024\/11\/Andreas-Melanie-Jonas-Lehrlingsmesse-768x512.jpg 768w, https:\/\/www.hs-kabeltechnik.at\/wp-content\/uploads\/2024\/11\/Andreas-Melanie-Jonas-Lehrlingsmesse-1536x1024.jpg 1536w, https:\/\/www.hs-kabeltechnik.at\/wp-content\/uploads\/2024\/11\/Andreas-Melanie-Jonas-Lehrlingsmesse-2048x1365.jpg 2048w\" sizes=\"(max-width: 1024px) 100vw, 1024px\" \/>\t\t\t\t\t\t\t\t\t\t\t\t\t\t\t<\/div>\n\t\t\t\t<\/div>\n\t\t\t\t\t<\/div>\n\t\t<\/div>\n\t\t\t\t<div class=\"elementor-column elementor-col-50 elementor-top-column elementor-element elementor-element-360b3ca\" data-id=\"360b3ca\" data-element_type=\"column\">\n\t\t\t<div class=\"elementor-widget-wrap elementor-element-populated\">\n\t\t\t\t\t\t<div class=\"elementor-element elementor-element-c4024f5 elementor-cta--skin-classic elementor-animated-content elementor-bg-transform elementor-bg-transform-zoom-in elementor-widget elementor-widget-call-to-action\" data-id=\"c4024f5\" data-element_type=\"widget\" data-widget_type=\"call-to-action.default\">\n\t\t\t\t<div class=\"elementor-widget-container\">\n\t\t\t\t\t\t\t<div class=\"elementor-cta\">\n\t\t\t\t\t\t\t<div class=\"elementor-cta__content\">\n\t\t\t\t\n\t\t\t\t\t\t\t\t\t<h2 class=\"elementor-cta__title elementor-cta__content-item elementor-content-item\">\n\t\t\t\t\t\tPer saperne di pi\u00f9?\t\t\t\t\t<\/h2>\n\t\t\t\t\n\t\t\t\t\t\t\t\t\t<div class=\"elementor-cta__description elementor-cta__content-item elementor-content-item\">\n\t\t\t\t\t\t<p>Altre impressioni sulla Future Fair 2024 sono disponibili qui, presso il nostro media partner Rundschau.<\/p>\n\t\t\t\t\t<\/div>\n\t\t\t\t\n\t\t\t\t\t\t\t\t\t<div class=\"elementor-cta__button-wrapper elementor-cta__content-item elementor-content-item \">\n\t\t\t\t\t<a class=\"elementor-cta__button elementor-button elementor-size-\" href=\"https:\/\/www.meinbezirk.at\/schaerding\/c-wirtschaft\/1200-besucher-bei-der-schaerdinger-zukunftsmesse_a6960680\" rel=\"noopener\">\n\t\t\t\t\t\tAl rapporto\t\t\t\t\t<\/a>\n\t\t\t\t\t<\/div>\n\t\t\t\t\t\t\t<\/div>\n\t\t\t\t\t\t<\/div>\n\t\t\t\t\t\t<\/div>\n\t\t\t\t<\/div>\n\t\t\t\t\t<\/div>\n\t\t<\/div>\n\t\t\t\t\t<\/div>\n\t\t<\/section>\n\t\t\t\t<section class=\"elementor-section elementor-top-section elementor-element elementor-element-215a1a1 elementor-section-boxed elementor-section-height-default elementor-section-height-default\" data-id=\"215a1a1\" data-element_type=\"section\">\n\t\t\t\t\t\t<div class=\"elementor-container elementor-column-gap-default\">\n\t\t\t\t\t<div class=\"elementor-column elementor-col-50 elementor-top-column elementor-element elementor-element-28465a9\" data-id=\"28465a9\" data-element_type=\"column\">\n\t\t\t<div class=\"elementor-widget-wrap elementor-element-populated\">\n\t\t\t\t\t\t<div class=\"elementor-element elementor-element-6096e66 elementor-widget elementor-widget-heading\" data-id=\"6096e66\" data-element_type=\"widget\" data-widget_type=\"heading.default\">\n\t\t\t\t<div class=\"elementor-widget-container\">\n\t\t\t\t\t<h6 class=\"elementor-heading-title elementor-size-default\">Personale in piedi venerd\u00ec: Andreas Gumpoltsberger, Melanie Dietach, Jonas Wagner<\/h6>\t\t\t\t<\/div>\n\t\t\t\t<\/div>\n\t\t\t\t\t<\/div>\n\t\t<\/div>\n\t\t\t\t<div class=\"elementor-column elementor-col-50 elementor-top-column elementor-element elementor-element-a1be8be\" data-id=\"a1be8be\" data-element_type=\"column\">\n\t\t\t<div class=\"elementor-widget-wrap elementor-element-populated\">\n\t\t\t\t\t\t\t<\/div>\n\t\t<\/div>\n\t\t\t\t\t<\/div>\n\t\t<\/section>\n\t\t\t\t<section class=\"elementor-section elementor-top-section elementor-element elementor-element-869d422 elementor-section-boxed elementor-section-height-default elementor-section-height-default\" data-id=\"869d422\" data-element_type=\"section\">\n\t\t\t\t\t\t<div class=\"elementor-container elementor-column-gap-default\">\n\t\t\t\t\t<div class=\"elementor-column elementor-col-50 elementor-top-column elementor-element elementor-element-ff8222f\" data-id=\"ff8222f\" data-element_type=\"column\">\n\t\t\t<div class=\"elementor-widget-wrap elementor-element-populated\">\n\t\t\t\t\t\t<div class=\"elementor-element elementor-element-619aa32 elementor-widget elementor-widget-image\" data-id=\"619aa32\" data-element_type=\"widget\" data-widget_type=\"image.default\">\n\t\t\t\t<div class=\"elementor-widget-container\">\n\t\t\t\t\t\t\t\t\t\t\t\t\t\t\t<img decoding=\"async\" width=\"1227\" height=\"762\" src=\"https:\/\/www.hs-kabeltechnik.at\/wp-content\/uploads\/2024\/11\/Patrick-Eva-Zukunftsmesse.webp\" class=\"attachment-2048x2048 size-2048x2048 wp-image-10406\" alt=\"Fiera del futuro il personale del nostro stand il giorno 2\" \/>\t\t\t\t\t\t\t\t\t\t\t\t\t\t\t<\/div>\n\t\t\t\t<\/div>\n\t\t\t\t\t<\/div>\n\t\t<\/div>\n\t\t\t\t<div class=\"elementor-column elementor-col-50 elementor-top-column elementor-element elementor-element-e70e6a0\" data-id=\"e70e6a0\" data-element_type=\"column\">\n\t\t\t<div class=\"elementor-widget-wrap\">\n\t\t\t\t\t\t\t<\/div>\n\t\t<\/div>\n\t\t\t\t\t<\/div>\n\t\t<\/section>\n\t\t\t\t<section class=\"elementor-section elementor-top-section elementor-element elementor-element-e7f5234 elementor-section-boxed elementor-section-height-default elementor-section-height-default\" data-id=\"e7f5234\" data-element_type=\"section\">\n\t\t\t\t\t\t<div class=\"elementor-container elementor-column-gap-default\">\n\t\t\t\t\t<div class=\"elementor-column elementor-col-50 elementor-top-column elementor-element elementor-element-6804421\" data-id=\"6804421\" data-element_type=\"column\">\n\t\t\t<div class=\"elementor-widget-wrap elementor-element-populated\">\n\t\t\t\t\t\t<div class=\"elementor-element elementor-element-3c57921 elementor-widget elementor-widget-heading\" data-id=\"3c57921\" data-element_type=\"widget\" data-widget_type=\"heading.default\">\n\t\t\t\t<div class=\"elementor-widget-container\">\n\t\t\t\t\t<h6 class=\"elementor-heading-title elementor-size-default\">Personale in piedi sabato: Eva Enzlm\u00fcller e Patrick Ringer<\/h6>\t\t\t\t<\/div>\n\t\t\t\t<\/div>\n\t\t\t\t\t<\/div>\n\t\t<\/div>\n\t\t\t\t<div class=\"elementor-column elementor-col-50 elementor-top-column elementor-element elementor-element-e1e7acb\" data-id=\"e1e7acb\" data-element_type=\"column\">\n\t\t\t<div class=\"elementor-widget-wrap\">\n\t\t\t\t\t\t\t<\/div>\n\t\t<\/div>\n\t\t\t\t\t<\/div>\n\t\t<\/section>\n\t\t\t\t<\/div>\n\t\t","protected":false},"excerpt":{"rendered":"<p>2024: con 71 espositori, la Future Fair \u00e8 una delle fiere pi\u00f9 importanti per i giovani e le carriere nella regione. Maggiori dettagli sono disponibili qui.<\/p>\n","protected":false},"author":5,"featured_media":10401,"comment_status":"closed","ping_status":"open","sticky":false,"template":"","format":"standard","meta":{"_acf_changed":false,"_genesis_hide_title":false,"_genesis_hide_breadcrumbs":false,"_genesis_hide_singular_image":false,"_genesis_hide_footer_widgets":false,"_genesis_custom_body_class":"","_genesis_custom_post_class":"","_genesis_layout":"","footnotes":""},"categories":[32],"tags":[192],"class_list":{"0":"post-10456","1":"post","2":"type-post","3":"status-publish","4":"format-standard","5":"has-post-thumbnail","7":"category-non-categorizzato","8":"tag-fiera-del-futuro","9":"entry"},"acf":[],"_links":{"self":[{"href":"https:\/\/www.hs-kabeltechnik.at\/it\/wp-json\/wp\/v2\/posts\/10456","targetHints":{"allow":["GET"]}}],"collection":[{"href":"https:\/\/www.hs-kabeltechnik.at\/it\/wp-json\/wp\/v2\/posts"}],"about":[{"href":"https:\/\/www.hs-kabeltechnik.at\/it\/wp-json\/wp\/v2\/types\/post"}],"author":[{"embeddable":true,"href":"https:\/\/www.hs-kabeltechnik.at\/it\/wp-json\/wp\/v2\/users\/5"}],"replies":[{"embeddable":true,"href":"https:\/\/www.hs-kabeltechnik.at\/it\/wp-json\/wp\/v2\/comments?post=10456"}],"version-history":[{"count":2,"href":"https:\/\/www.hs-kabeltechnik.at\/it\/wp-json\/wp\/v2\/posts\/10456\/revisions"}],"predecessor-version":[{"id":12412,"href":"https:\/\/www.hs-kabeltechnik.at\/it\/wp-json\/wp\/v2\/posts\/10456\/revisions\/12412"}],"wp:featuredmedia":[{"embeddable":true,"href":"https:\/\/www.hs-kabeltechnik.at\/it\/wp-json\/wp\/v2\/media\/10401"}],"wp:attachment":[{"href":"https:\/\/www.hs-kabeltechnik.at\/it\/wp-json\/wp\/v2\/media?parent=10456"}],"wp:term":[{"taxonomy":"category","embeddable":true,"href":"https:\/\/www.hs-kabeltechnik.at\/it\/wp-json\/wp\/v2\/categories?post=10456"},{"taxonomy":"post_tag","embeddable":true,"href":"https:\/\/www.hs-kabeltechnik.at\/it\/wp-json\/wp\/v2\/tags?post=10456"}],"curies":[{"name":"wp","href":"https:\/\/api.w.org\/{rel}","templated":true}]}}