{"id":14309,"date":"2025-10-28T10:04:27","date_gmt":"2025-10-28T10:04:27","guid":{"rendered":"https:\/\/www.hs-kabeltechnik.at\/foire-de-lavenir-schaerding-2025\/"},"modified":"2025-10-28T12:15:25","modified_gmt":"2025-10-28T12:15:25","slug":"foire-de-lavenir-schaerding-2025","status":"publish","type":"post","link":"https:\/\/www.hs-kabeltechnik.at\/fr\/foire-de-lavenir-schaerding-2025\/","title":{"rendered":"Foire de l\u2019avenir Sch\u00e4rding 2025"},"content":{"rendered":"\t\t<div data-elementor-type=\"wp-post\" data-elementor-id=\"14309\" class=\"elementor elementor-14309 elementor-14273\" data-elementor-post-type=\"post\">\n\t\t\t\t\t\t<section class=\"elementor-section elementor-top-section elementor-element elementor-element-cab1dda elementor-section-boxed elementor-section-height-default elementor-section-height-default\" data-id=\"cab1dda\" data-element_type=\"section\">\n\t\t\t\t\t\t<div class=\"elementor-container elementor-column-gap-default\">\n\t\t\t\t\t<div class=\"elementor-column elementor-col-100 elementor-top-column elementor-element elementor-element-af8c97e\" data-id=\"af8c97e\" data-element_type=\"column\">\n\t\t\t<div class=\"elementor-widget-wrap elementor-element-populated\">\n\t\t\t\t\t\t<div class=\"elementor-element elementor-element-1bb0b5d elementor-widget elementor-widget-heading\" data-id=\"1bb0b5d\" data-element_type=\"widget\" data-widget_type=\"heading.default\">\n\t\t\t\t<div class=\"elementor-widget-container\">\n\t\t\t\t\t<h3 class=\"elementor-heading-title elementor-size-default\">Octobre 2025<\/h3>\t\t\t\t<\/div>\n\t\t\t\t<\/div>\n\t\t\t\t\t<\/div>\n\t\t<\/div>\n\t\t\t\t\t<\/div>\n\t\t<\/section>\n\t\t\t\t<section class=\"elementor-section elementor-top-section elementor-element elementor-element-457bb4a elementor-section-boxed elementor-section-height-default elementor-section-height-default\" data-id=\"457bb4a\" data-element_type=\"section\">\n\t\t\t\t\t\t<div class=\"elementor-container elementor-column-gap-default\">\n\t\t\t\t\t<div class=\"elementor-column elementor-col-100 elementor-top-column elementor-element elementor-element-c934f01\" data-id=\"c934f01\" data-element_type=\"column\">\n\t\t\t<div class=\"elementor-widget-wrap elementor-element-populated\">\n\t\t\t\t\t\t<div class=\"elementor-element elementor-element-4993d13 elementor-widget elementor-widget-heading\" data-id=\"4993d13\" data-element_type=\"widget\" data-widget_type=\"heading.default\">\n\t\t\t\t<div class=\"elementor-widget-container\">\n\t\t\t\t\t<h3 class=\"elementor-heading-title elementor-size-default\"><br>Le vendredi 17 et le samedi 18 octobre 2025, la salle omnisports du district de Sch\u00e4rding a de nouveau ouvert ses portes pour accueillir le plus grand salon de l\u2019apprentissage du district.<br><br><\/h3>\t\t\t\t<\/div>\n\t\t\t\t<\/div>\n\t\t\t\t\t<\/div>\n\t\t<\/div>\n\t\t\t\t\t<\/div>\n\t\t<\/section>\n\t\t\t\t<section class=\"elementor-section elementor-top-section elementor-element elementor-element-8c8ca2a elementor-section-boxed elementor-section-height-default elementor-section-height-default\" data-id=\"8c8ca2a\" data-element_type=\"section\">\n\t\t\t\t\t\t<div class=\"elementor-container elementor-column-gap-default\">\n\t\t\t\t\t<div class=\"elementor-column elementor-col-50 elementor-top-column elementor-element elementor-element-abbd2be\" data-id=\"abbd2be\" data-element_type=\"column\">\n\t\t\t<div class=\"elementor-widget-wrap elementor-element-populated\">\n\t\t\t\t\t\t<div class=\"elementor-element elementor-element-add7ee8 elementor-widget elementor-widget-text-editor\" data-id=\"add7ee8\" data-element_type=\"widget\" data-widget_type=\"text-editor.default\">\n\t\t\t\t<div class=\"elementor-widget-container\">\n\t\t\t\t\t\t\t\t\tLa Foire de l\u2019avenir Sch\u00e4rding offre aux jeunes et \u00e0 leurs parents la possibilit\u00e9 de s\u2019informer en d\u00e9tail sur les m\u00e9tiers en apprentissage, les possibilit\u00e9s de formation ainsi que sur les entreprises et leurs valeurs.<br><br>Pour la troisi\u00e8me fois cons\u00e9cutive, nous avons saisi cette occasion pour pr\u00e9senter notre entreprise \u00e0 plus d\u2019un millier de jeunes visiteurs de la r\u00e9gion. Pour nous, ce salon est une occasion importante de montrer \u00e0 quel point un apprentissage comme employ\u00e9(e) de bureau peut \u00eatre vari\u00e9 et passionnant au sein de notre entreprise.<br><br>\u00ab La Foire de l\u2019avenir est toujours parfaitement organis\u00e9. Il nous offre la plateforme id\u00e9ale pour pr\u00e9senter notre entreprise et expliquer \u00e0 quoi ressemble un apprentissage chez nous \u00bb, explique Melanie Dietach, responsable marketing.\t\t\t\t\t\t\t\t<\/div>\n\t\t\t\t<\/div>\n\t\t\t\t\t<\/div>\n\t\t<\/div>\n\t\t\t\t<div class=\"elementor-column elementor-col-50 elementor-top-column elementor-element elementor-element-2f4fa67\" data-id=\"2f4fa67\" data-element_type=\"column\">\n\t\t\t<div class=\"elementor-widget-wrap elementor-element-populated\">\n\t\t\t\t\t\t<div class=\"elementor-element elementor-element-edf3054 elementor-widget elementor-widget-image\" data-id=\"edf3054\" data-element_type=\"widget\" data-widget_type=\"image.default\">\n\t\t\t\t<div class=\"elementor-widget-container\">\n\t\t\t\t\t\t\t\t\t\t\t\t\t\t\t<img fetchpriority=\"high\" decoding=\"async\" width=\"800\" height=\"640\" src=\"https:\/\/www.hs-kabeltechnik.at\/wp-content\/uploads\/2025\/10\/2510_Zukunftsmesse-1.jpg\" class=\"attachment-large size-large wp-image-14287\" alt=\"Jugendliche auf der Zukunftsmesse 2025\" srcset=\"https:\/\/www.hs-kabeltechnik.at\/wp-content\/uploads\/2025\/10\/2510_Zukunftsmesse-1.jpg 800w, https:\/\/www.hs-kabeltechnik.at\/wp-content\/uploads\/2025\/10\/2510_Zukunftsmesse-1-300x240.jpg 300w, https:\/\/www.hs-kabeltechnik.at\/wp-content\/uploads\/2025\/10\/2510_Zukunftsmesse-1-768x614.jpg 768w\" sizes=\"(max-width: 800px) 100vw, 800px\" \/>\t\t\t\t\t\t\t\t\t\t\t\t\t\t\t<\/div>\n\t\t\t\t<\/div>\n\t\t\t\t\t<\/div>\n\t\t<\/div>\n\t\t\t\t\t<\/div>\n\t\t<\/section>\n\t\t\t\t<section class=\"elementor-section elementor-top-section elementor-element elementor-element-5a81932 elementor-section-boxed elementor-section-height-default elementor-section-height-default\" data-id=\"5a81932\" data-element_type=\"section\">\n\t\t\t\t\t\t<div class=\"elementor-container elementor-column-gap-default\">\n\t\t\t\t\t<div class=\"elementor-column elementor-col-50 elementor-top-column elementor-element elementor-element-6720acb\" data-id=\"6720acb\" data-element_type=\"column\">\n\t\t\t<div class=\"elementor-widget-wrap elementor-element-populated\">\n\t\t\t\t\t\t<div class=\"elementor-element elementor-element-552d64d elementor-widget elementor-widget-text-editor\" data-id=\"552d64d\" data-element_type=\"widget\" data-widget_type=\"text-editor.default\">\n\t\t\t\t<div class=\"elementor-widget-container\">\n\t\t\t\t\t\t\t\t\tNous avions \u00e9galement pr\u00e9par\u00e9 quelque chose de sp\u00e9cial pour notre stand : les jeunes ont pu d\u00e9couvrir nos <a href=\"https:\/\/www.hs-kabeltechnik.at\/fr\/produkte\/\">produits<\/a> de pr\u00e8s et m\u00eame mettre la main \u00e0 la p\u00e2te. Sur une planche d\u2019installation sp\u00e9cialement con\u00e7ue \u00e0 cet effet, ils ont pu exp\u00e9rimenter et repartir avec un petit c\u0153ur qu\u2019ils avaient fabriqu\u00e9 eux-m\u00eames. Nous avons \u00e9t\u00e9 impressionn\u00e9s par l\u2019habilet\u00e9 et la cr\u00e9ativit\u00e9 de ces jeunes talents !<br><br>Nous remercions chaleureusement toutes les personnes qui ont visit\u00e9 notre stand et nous nous r\u00e9jouissons d\u00e9j\u00e0 de participer \u00e0 nouveau au la Foire de l\u2019avenir 2026.\t\t\t\t\t\t\t\t<\/div>\n\t\t\t\t<\/div>\n\t\t\t\t\t<\/div>\n\t\t<\/div>\n\t\t\t\t<div class=\"elementor-column elementor-col-50 elementor-top-column elementor-element elementor-element-6cdcb24\" data-id=\"6cdcb24\" data-element_type=\"column\">\n\t\t\t<div class=\"elementor-widget-wrap elementor-element-populated\">\n\t\t\t\t\t\t<div class=\"elementor-element elementor-element-da3a9ad elementor-cta--skin-classic elementor-animated-content elementor-bg-transform elementor-bg-transform-zoom-in elementor-widget elementor-widget-call-to-action\" data-id=\"da3a9ad\" data-element_type=\"widget\" data-widget_type=\"call-to-action.default\">\n\t\t\t\t<div class=\"elementor-widget-container\">\n\t\t\t\t\t\t\t<div class=\"elementor-cta\">\n\t\t\t\t\t\t\t<div class=\"elementor-cta__content\">\n\t\t\t\t\n\t\t\t\t\t\t\t\t\t<h2 class=\"elementor-cta__title elementor-cta__content-item elementor-content-item\">\n\t\t\t\t\t\tEnvie d\u2019en savoir plus ?\t\t\t\t\t<\/h2>\n\t\t\t\t\n\t\t\t\t\t\t\t\t\t<div class=\"elementor-cta__description elementor-cta__content-item elementor-content-item\">\n\t\t\t\t\t\t<p data-start=\"2267\" data-end=\"2323\">Voici l\u2019article de notre partenaire m\u00e9dia <em data-start=\"2309\" data-end=\"2321\">MeinBezirk<\/em><\/p>\n\t\t\t\t\t<\/div>\n\t\t\t\t\n\t\t\t\t\t\t\t\t\t<div class=\"elementor-cta__button-wrapper elementor-cta__content-item elementor-content-item \">\n\t\t\t\t\t<a class=\"elementor-cta__button elementor-button elementor-size-\" href=\"https:\/\/www.meinbezirk.at\/schaerding\/c-wirtschaft\/die-zukunftsmesse-2025-in-schaerding-lehre-hautnah_a7749299#gallery=null\" rel=\"noopener\">\n\t\t\t\t\t\tVoir le rapport\t\t\t\t\t<\/a>\n\t\t\t\t\t<\/div>\n\t\t\t\t\t\t\t<\/div>\n\t\t\t\t\t\t<\/div>\n\t\t\t\t\t\t<\/div>\n\t\t\t\t<\/div>\n\t\t\t\t\t<\/div>\n\t\t<\/div>\n\t\t\t\t\t<\/div>\n\t\t<\/section>\n\t\t\t\t<section class=\"elementor-section elementor-top-section elementor-element elementor-element-da14721 elementor-section-boxed elementor-section-height-default elementor-section-height-default\" data-id=\"da14721\" data-element_type=\"section\">\n\t\t\t\t\t\t<div class=\"elementor-container elementor-column-gap-default\">\n\t\t\t\t\t<div class=\"elementor-column elementor-col-50 elementor-top-column elementor-element elementor-element-8c190b4\" data-id=\"8c190b4\" data-element_type=\"column\">\n\t\t\t<div class=\"elementor-widget-wrap elementor-element-populated\">\n\t\t\t\t\t\t<div class=\"elementor-element elementor-element-9d63c5b elementor-widget elementor-widget-heading\" data-id=\"9d63c5b\" data-element_type=\"widget\" data-widget_type=\"heading.default\">\n\t\t\t\t<div class=\"elementor-widget-container\">\n\t\t\t\t\t<h2 class=\"elementor-heading-title elementor-size-default\">Notre \u00e9quipe sur place :<\/h2>\t\t\t\t<\/div>\n\t\t\t\t<\/div>\n\t\t\t\t\t<\/div>\n\t\t<\/div>\n\t\t\t\t<div class=\"elementor-column elementor-col-50 elementor-top-column elementor-element elementor-element-9061cb7\" data-id=\"9061cb7\" data-element_type=\"column\">\n\t\t\t<div class=\"elementor-widget-wrap elementor-element-populated\">\n\t\t\t\t\t\t\t<\/div>\n\t\t<\/div>\n\t\t\t\t\t<\/div>\n\t\t<\/section>\n\t\t\t\t<section class=\"elementor-section elementor-top-section elementor-element elementor-element-869d422 elementor-section-boxed elementor-section-height-default elementor-section-height-default\" data-id=\"869d422\" data-element_type=\"section\">\n\t\t\t\t\t\t<div class=\"elementor-container elementor-column-gap-default\">\n\t\t\t\t\t<div class=\"elementor-column elementor-col-50 elementor-top-column elementor-element elementor-element-ff8222f\" data-id=\"ff8222f\" data-element_type=\"column\">\n\t\t\t<div class=\"elementor-widget-wrap elementor-element-populated\">\n\t\t\t\t\t\t<div class=\"elementor-element elementor-element-a28a666 elementor-widget elementor-widget-image\" data-id=\"a28a666\" data-element_type=\"widget\" data-widget_type=\"image.default\">\n\t\t\t\t<div class=\"elementor-widget-container\">\n\t\t\t\t\t\t\t\t\t\t\t\t\t\t\t<img decoding=\"async\" width=\"1024\" height=\"682\" src=\"https:\/\/www.hs-kabeltechnik.at\/wp-content\/uploads\/2025\/10\/2510_Zukunftsmesse_T1-1024x682.png\" class=\"attachment-large size-large wp-image-14292\" alt=\"Standpersonal Tag 1 Zukunftsmesse 2025\" srcset=\"https:\/\/www.hs-kabeltechnik.at\/wp-content\/uploads\/2025\/10\/2510_Zukunftsmesse_T1-1024x682.png 1024w, https:\/\/www.hs-kabeltechnik.at\/wp-content\/uploads\/2025\/10\/2510_Zukunftsmesse_T1-300x200.png 300w, https:\/\/www.hs-kabeltechnik.at\/wp-content\/uploads\/2025\/10\/2510_Zukunftsmesse_T1-768x512.png 768w, https:\/\/www.hs-kabeltechnik.at\/wp-content\/uploads\/2025\/10\/2510_Zukunftsmesse_T1.png 1184w\" sizes=\"(max-width: 1024px) 100vw, 1024px\" \/>\t\t\t\t\t\t\t\t\t\t\t\t\t\t\t<\/div>\n\t\t\t\t<\/div>\n\t\t\t\t\t<\/div>\n\t\t<\/div>\n\t\t\t\t<div class=\"elementor-column elementor-col-50 elementor-top-column elementor-element elementor-element-e70e6a0\" data-id=\"e70e6a0\" data-element_type=\"column\">\n\t\t\t<div class=\"elementor-widget-wrap elementor-element-populated\">\n\t\t\t\t\t\t<div class=\"elementor-element elementor-element-d9171a8 elementor-widget elementor-widget-image\" data-id=\"d9171a8\" data-element_type=\"widget\" data-widget_type=\"image.default\">\n\t\t\t\t<div class=\"elementor-widget-container\">\n\t\t\t\t\t\t\t\t\t\t\t\t\t\t\t<img decoding=\"async\" width=\"738\" height=\"492\" src=\"https:\/\/www.hs-kabeltechnik.at\/wp-content\/uploads\/2025\/10\/2510_Zukunftsmesse_T2.jpg\" class=\"attachment-large size-large wp-image-14297\" alt=\"Standpersonal Tag 2 Zukunftsmesse 2025\" srcset=\"https:\/\/www.hs-kabeltechnik.at\/wp-content\/uploads\/2025\/10\/2510_Zukunftsmesse_T2.jpg 738w, https:\/\/www.hs-kabeltechnik.at\/wp-content\/uploads\/2025\/10\/2510_Zukunftsmesse_T2-300x200.jpg 300w\" sizes=\"(max-width: 738px) 100vw, 738px\" \/>\t\t\t\t\t\t\t\t\t\t\t\t\t\t\t<\/div>\n\t\t\t\t<\/div>\n\t\t\t\t\t<\/div>\n\t\t<\/div>\n\t\t\t\t\t<\/div>\n\t\t<\/section>\n\t\t\t\t<section class=\"elementor-section elementor-top-section elementor-element elementor-element-e7f5234 elementor-section-boxed elementor-section-height-default elementor-section-height-default\" data-id=\"e7f5234\" data-element_type=\"section\">\n\t\t\t\t\t\t<div class=\"elementor-container elementor-column-gap-default\">\n\t\t\t\t\t<div class=\"elementor-column elementor-col-50 elementor-top-column elementor-element elementor-element-6804421\" data-id=\"6804421\" data-element_type=\"column\">\n\t\t\t<div class=\"elementor-widget-wrap elementor-element-populated\">\n\t\t\t\t\t\t<div class=\"elementor-element elementor-element-3c57921 elementor-widget elementor-widget-heading\" data-id=\"3c57921\" data-element_type=\"widget\" data-widget_type=\"heading.default\">\n\t\t\t\t<div class=\"elementor-widget-container\">\n\t\t\t\t\t<h6 class=\"elementor-heading-title elementor-size-default\">Personnel du stand \u2013 vendredi : Leni Schatzberger, Andreas Gumpoltsberger et Melanie Dietach<\/h6>\t\t\t\t<\/div>\n\t\t\t\t<\/div>\n\t\t\t\t\t<\/div>\n\t\t<\/div>\n\t\t\t\t<div class=\"elementor-column elementor-col-50 elementor-top-column elementor-element elementor-element-e1e7acb\" data-id=\"e1e7acb\" data-element_type=\"column\">\n\t\t\t<div class=\"elementor-widget-wrap elementor-element-populated\">\n\t\t\t\t\t\t<div class=\"elementor-element elementor-element-e3334a3 elementor-widget elementor-widget-heading\" data-id=\"e3334a3\" data-element_type=\"widget\" data-widget_type=\"heading.default\">\n\t\t\t\t<div class=\"elementor-widget-container\">\n\t\t\t\t\t<h6 class=\"elementor-heading-title elementor-size-default\">Personnel du stand \u2013 samedi : Leon Br\u00fcckl, Eva Enzlm\u00fcller et Patrick Ringer<\/h6>\t\t\t\t<\/div>\n\t\t\t\t<\/div>\n\t\t\t\t\t<\/div>\n\t\t<\/div>\n\t\t\t\t\t<\/div>\n\t\t<\/section>\n\t\t\t\t<\/div>\n\t\t","protected":false},"excerpt":{"rendered":"<p>2025 : Les 17 et 18 octobre 2025, le Salon du Futur Sch\u00e4rding a de nouveau ouvert ses portes, et nous y \u00e9tions pr\u00e9sents en tant qu\u2019exposant. Vous trouverez plus d\u2019informations ici.<\/p>\n","protected":false},"author":5,"featured_media":14292,"comment_status":"closed","ping_status":"open","sticky":false,"template":"","format":"standard","meta":{"_acf_changed":false,"_genesis_hide_title":false,"_genesis_hide_breadcrumbs":false,"_genesis_hide_singular_image":false,"_genesis_hide_footer_widgets":false,"_genesis_custom_body_class":"","_genesis_custom_post_class":"","_genesis_layout":"","footnotes":""},"categories":[31],"tags":[272,191],"class_list":{"0":"post-14309","1":"post","2":"type-post","3":"status-publish","4":"format-standard","5":"has-post-thumbnail","7":"category-non-classifiee","8":"tag-foire-de-lavenir-schaerding-2025","9":"tag-salon-du-futur","10":"entry"},"acf":[],"_links":{"self":[{"href":"https:\/\/www.hs-kabeltechnik.at\/fr\/wp-json\/wp\/v2\/posts\/14309","targetHints":{"allow":["GET"]}}],"collection":[{"href":"https:\/\/www.hs-kabeltechnik.at\/fr\/wp-json\/wp\/v2\/posts"}],"about":[{"href":"https:\/\/www.hs-kabeltechnik.at\/fr\/wp-json\/wp\/v2\/types\/post"}],"author":[{"embeddable":true,"href":"https:\/\/www.hs-kabeltechnik.at\/fr\/wp-json\/wp\/v2\/users\/5"}],"replies":[{"embeddable":true,"href":"https:\/\/www.hs-kabeltechnik.at\/fr\/wp-json\/wp\/v2\/comments?post=14309"}],"version-history":[{"count":1,"href":"https:\/\/www.hs-kabeltechnik.at\/fr\/wp-json\/wp\/v2\/posts\/14309\/revisions"}],"predecessor-version":[{"id":14310,"href":"https:\/\/www.hs-kabeltechnik.at\/fr\/wp-json\/wp\/v2\/posts\/14309\/revisions\/14310"}],"wp:featuredmedia":[{"embeddable":true,"href":"https:\/\/www.hs-kabeltechnik.at\/fr\/wp-json\/wp\/v2\/media\/14292"}],"wp:attachment":[{"href":"https:\/\/www.hs-kabeltechnik.at\/fr\/wp-json\/wp\/v2\/media?parent=14309"}],"wp:term":[{"taxonomy":"category","embeddable":true,"href":"https:\/\/www.hs-kabeltechnik.at\/fr\/wp-json\/wp\/v2\/categories?post=14309"},{"taxonomy":"post_tag","embeddable":true,"href":"https:\/\/www.hs-kabeltechnik.at\/fr\/wp-json\/wp\/v2\/tags?post=14309"}],"curies":[{"name":"wp","href":"https:\/\/api.w.org\/{rel}","templated":true}]}}