{"id":12417,"date":"2019-10-13T07:29:41","date_gmt":"2019-10-13T07:29:41","guid":{"rendered":"https:\/\/www.hs-kabeltechnik.at\/premiere-flotte-de-vehicules-electriques-pour-les-employes\/"},"modified":"2026-08-24T07:29:28","modified_gmt":"2026-08-24T07:29:28","slug":"premiere-flotte-de-vehicules-electriques-pour-les-employes","status":"publish","type":"post","link":"https:\/\/www.hs-kabeltechnik.at\/fr\/premiere-flotte-de-vehicules-electriques-pour-les-employes\/","title":{"rendered":"Premi\u00e8re flotte de v\u00e9hicules \u00e9lectriques pour les employ\u00e9s"},"content":{"rendered":"\t\t<div data-elementor-type=\"wp-post\" data-elementor-id=\"12417\" class=\"elementor elementor-12417 elementor-12396\" data-elementor-post-type=\"post\">\n\t\t\t\t\t\t<section class=\"elementor-section elementor-top-section elementor-element elementor-element-38e4bc99 elementor-section-boxed elementor-section-height-default elementor-section-height-default\" data-id=\"38e4bc99\" data-element_type=\"section\">\n\t\t\t\t\t\t<div class=\"elementor-container elementor-column-gap-default\">\n\t\t\t\t\t<div class=\"elementor-column elementor-col-100 elementor-top-column elementor-element elementor-element-c84cad8\" data-id=\"c84cad8\" data-element_type=\"column\">\n\t\t\t<div class=\"elementor-widget-wrap elementor-element-populated\">\n\t\t\t\t\t\t<div class=\"elementor-element elementor-element-1d19f54b elementor-widget elementor-widget-heading\" data-id=\"1d19f54b\" data-element_type=\"widget\" data-widget_type=\"heading.default\">\n\t\t\t\t<div class=\"elementor-widget-container\">\n\t\t\t\t\t<h3 class=\"elementor-heading-title elementor-size-default\">Octobre 2019<\/h3>\t\t\t\t<\/div>\n\t\t\t\t<\/div>\n\t\t\t\t\t<\/div>\n\t\t<\/div>\n\t\t\t\t\t<\/div>\n\t\t<\/section>\n\t\t\t\t<section class=\"elementor-section elementor-top-section elementor-element elementor-element-11131bc8 elementor-section-boxed elementor-section-height-default elementor-section-height-default\" data-id=\"11131bc8\" data-element_type=\"section\">\n\t\t\t\t\t\t<div class=\"elementor-container elementor-column-gap-default\">\n\t\t\t\t\t<div class=\"elementor-column elementor-col-100 elementor-top-column elementor-element elementor-element-1895b4b4\" data-id=\"1895b4b4\" data-element_type=\"column\">\n\t\t\t<div class=\"elementor-widget-wrap elementor-element-populated\">\n\t\t\t\t\t\t<div class=\"elementor-element elementor-element-3d0c113f elementor-widget elementor-widget-text-editor\" data-id=\"3d0c113f\" data-element_type=\"widget\" data-widget_type=\"text-editor.default\">\n\t\t\t\t<div class=\"elementor-widget-container\">\n\t\t\t\t\t\t\t\t\t<h3>8 nouvelles voitures \u00e9lectriques chez H&amp;S Kabeltechnik<\/h3>\n\t\t\t\t\t\t\t\t<\/div>\n\t\t\t\t<\/div>\n\t\t\t\t\t<\/div>\n\t\t<\/div>\n\t\t\t\t\t<\/div>\n\t\t<\/section>\n\t\t\t\t<section class=\"elementor-section elementor-top-section elementor-element elementor-element-55f99e27 elementor-section-boxed elementor-section-height-default elementor-section-height-default\" data-id=\"55f99e27\" data-element_type=\"section\">\n\t\t\t\t\t\t<div class=\"elementor-container elementor-column-gap-default\">\n\t\t\t\t\t<div class=\"elementor-column elementor-col-100 elementor-top-column elementor-element elementor-element-70c5e091\" data-id=\"70c5e091\" data-element_type=\"column\">\n\t\t\t<div class=\"elementor-widget-wrap elementor-element-populated\">\n\t\t\t\t\t\t<div class=\"elementor-element elementor-element-5cd5a5f1 elementor-widget elementor-widget-text-editor\" data-id=\"5cd5a5f1\" data-element_type=\"widget\" data-widget_type=\"text-editor.default\">\n\t\t\t\t<div class=\"elementor-widget-container\">\n\t\t\t\t\t\t\t\t\t<p><strong>H&amp;S Kabeltechnik a offert \u00e0 tous ses collaborateurs la possibilit\u00e9 de disposer d&rsquo;un v\u00e9hicule \u00e9lectrique, cr\u00e9ant ainsi une nouvelle offre de mobilit\u00e9.<\/strong><\/p>\n\t\t\t\t\t\t\t\t<\/div>\n\t\t\t\t<\/div>\n\t\t\t\t\t<\/div>\n\t\t<\/div>\n\t\t\t\t\t<\/div>\n\t\t<\/section>\n\t\t\t\t<section class=\"elementor-section elementor-top-section elementor-element elementor-element-208bcd79 elementor-section-boxed elementor-section-height-default elementor-section-height-default\" data-id=\"208bcd79\" data-element_type=\"section\">\n\t\t\t\t\t\t<div class=\"elementor-container elementor-column-gap-default\">\n\t\t\t\t\t<div class=\"elementor-column elementor-col-100 elementor-top-column elementor-element elementor-element-117a7b19\" data-id=\"117a7b19\" data-element_type=\"column\">\n\t\t\t<div class=\"elementor-widget-wrap elementor-element-populated\">\n\t\t\t\t\t\t<div class=\"elementor-element elementor-element-4497962b elementor-widget elementor-widget-text-editor\" data-id=\"4497962b\" data-element_type=\"widget\" data-widget_type=\"text-editor.default\">\n\t\t\t\t<div class=\"elementor-widget-container\">\n\t\t\t\t\t\t\t\t\t<article id=\"c4504\">Moyennant une modique participation financi\u00e8re, les employ\u00e9s louent une BMW i3 flambant neuve. Ils peuvent ainsi effectuer leur trajet domicile-travail en mode \u00e9lectrique.<\/p>\n<p>Mais ce n\u2019est pas tout : ce v\u00e9hicule moderne peut bien s\u00fbr \u00e9galement \u00eatre utilis\u00e9 par le personnel \u00e0 des fins priv\u00e9es. Cerise sur le g\u00e2teau, les voitures sont recharg\u00e9es gratuitement. \u00c0 cet effet, une infrastructure de recharge \u00e0 commande intelligente comprenant au total huit bornes de recharge a \u00e9t\u00e9 mise en place sur le site de l\u2019entreprise.<\/p>\n<p>Selon l\u2019Agence f\u00e9d\u00e9rale allemande pour l\u2019environnement, les v\u00e9hicules \u00e9lectriques offrent de bonnes possibilit\u00e9s de r\u00e9duire les \u00e9missions de gaz \u00e0 effet de serre et la consommation d\u2019\u00e9nergie du trafic routier.<\/p>\n<p>La particularit\u00e9 chez H&amp;S Kabeltechnik est que la production d\u2019\u00e9lectricit\u00e9 n\u2019est pas non plus n\u00e9glig\u00e9e : gr\u00e2ce \u00e0 une installation photovolta\u00efque d\u2019une puissance de 32 kW, une grande partie de l\u2019\u00e9lectricit\u00e9 n\u00e9cessaire est produite en interne.<\/p>\n<\/article>\n\t\t\t\t\t\t\t\t<\/div>\n\t\t\t\t<\/div>\n\t\t\t\t\t<\/div>\n\t\t<\/div>\n\t\t\t\t\t<\/div>\n\t\t<\/section>\n\t\t\t\t<section class=\"elementor-section elementor-top-section elementor-element elementor-element-6a9f3bc elementor-section-boxed elementor-section-height-default elementor-section-height-default\" data-id=\"6a9f3bc\" data-element_type=\"section\">\n\t\t\t\t\t\t<div class=\"elementor-container elementor-column-gap-default\">\n\t\t\t\t\t<div class=\"elementor-column elementor-col-100 elementor-top-column elementor-element elementor-element-4ddcb3ed\" data-id=\"4ddcb3ed\" data-element_type=\"column\">\n\t\t\t<div class=\"elementor-widget-wrap elementor-element-populated\">\n\t\t\t\t\t\t<div class=\"elementor-element elementor-element-728c5881 elementor-widget elementor-widget-gallery\" data-id=\"728c5881\" data-element_type=\"widget\" data-settings=\"{&quot;columns&quot;:2,&quot;lazyload&quot;:&quot;yes&quot;,&quot;gallery_layout&quot;:&quot;grid&quot;,&quot;columns_tablet&quot;:2,&quot;columns_mobile&quot;:1,&quot;gap&quot;:{&quot;unit&quot;:&quot;px&quot;,&quot;size&quot;:10,&quot;sizes&quot;:[]},&quot;gap_tablet&quot;:{&quot;unit&quot;:&quot;px&quot;,&quot;size&quot;:10,&quot;sizes&quot;:[]},&quot;gap_mobile&quot;:{&quot;unit&quot;:&quot;px&quot;,&quot;size&quot;:10,&quot;sizes&quot;:[]},&quot;link_to&quot;:&quot;file&quot;,&quot;aspect_ratio&quot;:&quot;3:2&quot;,&quot;overlay_background&quot;:&quot;yes&quot;,&quot;content_hover_animation&quot;:&quot;fade-in&quot;}\" data-widget_type=\"gallery.default\">\n\t\t\t\t<div class=\"elementor-widget-container\">\n\t\t\t\t\t\t\t<div class=\"elementor-gallery__container\">\n\t\t\t\t\t\t\t<a class=\"e-gallery-item elementor-gallery-item elementor-animated-content\" href=\"https:\/\/www.hs-kabeltechnik.at\/wp-content\/uploads\/2022\/11\/HS-Kabeltechnik-Elektroautos-BMWi3.jpeg\" data-elementor-open-lightbox=\"yes\" data-elementor-lightbox-slideshow=\"728c5881\" data-e-action-hash=\"#elementor-action%3Aaction%3Dlightbox%26settings%3DeyJpZCI6MTE3MywidXJsIjoiaHR0cHM6XC9cL3d3dy5ocy1rYWJlbHRlY2huaWsuYXRcL3dwLWNvbnRlbnRcL3VwbG9hZHNcLzIwMjJcLzExXC9IUy1LYWJlbHRlY2huaWstRWxla3Ryb2F1dG9zLUJNV2kzLmpwZWciLCJzbGlkZXNob3ciOiI3MjhjNTg4MSJ9\">\n\t\t\t\t\t<div class=\"e-gallery-image elementor-gallery-item__image\" data-thumbnail=\"https:\/\/www.hs-kabeltechnik.at\/wp-content\/uploads\/2022\/11\/HS-Kabeltechnik-Elektroautos-BMWi3-768x576.jpeg\" data-width=\"768\" data-height=\"576\" aria-label=\"H&amp;S Kabeltechnik : voitures \u00e9lectriques BMW i3, flotte \u00e9lectrique\" role=\"img\" ><\/div>\n\t\t\t\t\t\t\t\t\t\t\t<div class=\"elementor-gallery-item__overlay\"><\/div>\n\t\t\t\t\t\t\t\t\t\t\t\t\t\t<\/a>\n\t\t\t\t\t\t\t<a class=\"e-gallery-item elementor-gallery-item elementor-animated-content\" href=\"https:\/\/www.hs-kabeltechnik.at\/wp-content\/uploads\/2022\/11\/HS-Kabeltechnik-Schluesseluebergabe-Elektroautos-BMWi3.jpeg\" data-elementor-open-lightbox=\"yes\" data-elementor-lightbox-slideshow=\"728c5881\" data-e-action-hash=\"#elementor-action%3Aaction%3Dlightbox%26settings%3DeyJpZCI6MTE2OCwidXJsIjoiaHR0cHM6XC9cL3d3dy5ocy1rYWJlbHRlY2huaWsuYXRcL3dwLWNvbnRlbnRcL3VwbG9hZHNcLzIwMjJcLzExXC9IUy1LYWJlbHRlY2huaWstU2NobHVlc3NlbHVlYmVyZ2FiZS1FbGVrdHJvYXV0b3MtQk1XaTMuanBlZyIsInNsaWRlc2hvdyI6IjcyOGM1ODgxIn0%3D\">\n\t\t\t\t\t<div class=\"e-gallery-image elementor-gallery-item__image\" data-thumbnail=\"https:\/\/www.hs-kabeltechnik.at\/wp-content\/uploads\/2022\/11\/HS-Kabeltechnik-Schluesseluebergabe-Elektroautos-BMWi3-768x576.jpeg\" data-width=\"768\" data-height=\"576\" aria-label=\"H&amp;S Kabeltechnik : voitures \u00e9lectriques BMW i3\" role=\"img\" ><\/div>\n\t\t\t\t\t\t\t\t\t\t\t<div class=\"elementor-gallery-item__overlay\"><\/div>\n\t\t\t\t\t\t\t\t\t\t\t\t\t\t<\/a>\n\t\t\t\t\t<\/div>\n\t\t\t\t\t<\/div>\n\t\t\t\t<\/div>\n\t\t\t\t\t<\/div>\n\t\t<\/div>\n\t\t\t\t\t<\/div>\n\t\t<\/section>\n\t\t\t\t<section class=\"elementor-section elementor-top-section elementor-element elementor-element-5a6ad0f5 elementor-section-boxed elementor-section-height-default elementor-section-height-default\" data-id=\"5a6ad0f5\" data-element_type=\"section\">\n\t\t\t\t\t\t<div class=\"elementor-container elementor-column-gap-default\">\n\t\t\t\t\t<div class=\"elementor-column elementor-col-100 elementor-top-column elementor-element elementor-element-62001de8\" data-id=\"62001de8\" data-element_type=\"column\">\n\t\t\t<div class=\"elementor-widget-wrap elementor-element-populated\">\n\t\t\t\t\t\t<div class=\"elementor-element elementor-element-13c41db2 elementor-widget elementor-widget-spacer\" data-id=\"13c41db2\" data-element_type=\"widget\" data-widget_type=\"spacer.default\">\n\t\t\t\t<div class=\"elementor-widget-container\">\n\t\t\t\t\t\t\t<div class=\"elementor-spacer\">\n\t\t\t<div class=\"elementor-spacer-inner\"><\/div>\n\t\t<\/div>\n\t\t\t\t\t\t<\/div>\n\t\t\t\t<\/div>\n\t\t\t\t\t<\/div>\n\t\t<\/div>\n\t\t\t\t\t<\/div>\n\t\t<\/section>\n\t\t\t\t<section class=\"elementor-section elementor-top-section elementor-element elementor-element-7e2cb6d2 elementor-section-boxed elementor-section-height-default elementor-section-height-default\" data-id=\"7e2cb6d2\" data-element_type=\"section\">\n\t\t\t\t\t\t<div class=\"elementor-container elementor-column-gap-default\">\n\t\t\t\t\t<div class=\"elementor-column elementor-col-100 elementor-top-column elementor-element elementor-element-543424ce\" data-id=\"543424ce\" data-element_type=\"column\">\n\t\t\t<div class=\"elementor-widget-wrap elementor-element-populated\">\n\t\t\t\t\t\t<div class=\"elementor-element elementor-element-7434be21 elementor-widget elementor-widget-heading\" data-id=\"7434be21\" data-element_type=\"widget\" data-widget_type=\"heading.default\">\n\t\t\t\t<div class=\"elementor-widget-container\">\n\t\t\t\t\t<h2 class=\"elementor-heading-title elementor-size-large\">Voici ce que nos collaborateurs pensent de la flotte \u00e9lectrique :<\/h2>\t\t\t\t<\/div>\n\t\t\t\t<\/div>\n\t\t\t\t\t<\/div>\n\t\t<\/div>\n\t\t\t\t\t<\/div>\n\t\t<\/section>\n\t\t\t\t<section class=\"elementor-section elementor-top-section elementor-element elementor-element-20585a77 elementor-section-boxed elementor-section-height-default elementor-section-height-default\" data-id=\"20585a77\" data-element_type=\"section\">\n\t\t\t\t\t\t<div class=\"elementor-container elementor-column-gap-default\">\n\t\t\t\t\t<div class=\"elementor-column elementor-col-33 elementor-top-column elementor-element elementor-element-6167b1f7\" data-id=\"6167b1f7\" data-element_type=\"column\">\n\t\t\t<div class=\"elementor-widget-wrap elementor-element-populated\">\n\t\t\t\t\t\t<div class=\"elementor-element elementor-element-681b4124 elementor-cta--skin-classic elementor-animated-content elementor-bg-transform elementor-bg-transform-zoom-in elementor-widget elementor-widget-call-to-action\" data-id=\"681b4124\" data-element_type=\"widget\" data-widget_type=\"call-to-action.default\">\n\t\t\t\t<div class=\"elementor-widget-container\">\n\t\t\t\t\t\t\t<div class=\"elementor-cta\">\n\t\t\t\t\t<div class=\"elementor-cta__bg-wrapper\">\n\t\t\t\t<div class=\"elementor-cta__bg elementor-bg\" style=\"background-image: url(https:\/\/www.hs-kabeltechnik.at\/wp-content\/uploads\/2022\/10\/Linda-Fuchs.png);\" role=\"img\" aria-label=\"Linda Fuchs\"><\/div>\n\t\t\t\t<div class=\"elementor-cta__bg-overlay\"><\/div>\n\t\t\t<\/div>\n\t\t\t\t\t\t\t<div class=\"elementor-cta__content\">\n\t\t\t\t\n\t\t\t\t\t\t\t\t\t<h2 class=\"elementor-cta__title elementor-cta__content-item elementor-content-item\">\n\t\t\t\t\t\t\"Un avantage <br>que l'on trouve rarement sous cette forme <br>\"\t\t\t\t\t<\/h2>\n\t\t\t\t\n\t\t\t\t\t\t\t\t\t<div class=\"elementor-cta__description elementor-cta__content-item elementor-content-item\">\n\t\t\t\t\t\t<p><b>Linda Fuchs<\/b><br \/>achat op\u00e9rationnel<\/p>\n\t\t\t\t\t<\/div>\n\t\t\t\t\n\t\t\t\t\t\t\t\t\t<div class=\"elementor-cta__button-wrapper elementor-cta__content-item elementor-content-item \">\n\t\t\t\t\t<a class=\"elementor-cta__button elementor-button elementor-size-\" href=\"https:\/\/www.hs-kabeltechnik.at\/\/fr\/alle-mitarbeiter\/linda-fuchs\/\">\n\t\t\t\t\t\tEn savoir plus sur Linda\t\t\t\t\t<\/a>\n\t\t\t\t\t<\/div>\n\t\t\t\t\t\t\t<\/div>\n\t\t\t\t\t\t<\/div>\n\t\t\t\t\t\t<\/div>\n\t\t\t\t<\/div>\n\t\t\t\t\t<\/div>\n\t\t<\/div>\n\t\t\t\t<div class=\"elementor-column elementor-col-33 elementor-top-column elementor-element elementor-element-7dd73f2\" data-id=\"7dd73f2\" data-element_type=\"column\">\n\t\t\t<div class=\"elementor-widget-wrap elementor-element-populated\">\n\t\t\t\t\t\t<div class=\"elementor-element elementor-element-34756312 elementor-cta--skin-classic elementor-animated-content elementor-bg-transform elementor-bg-transform-zoom-in elementor-widget elementor-widget-call-to-action\" data-id=\"34756312\" data-element_type=\"widget\" data-widget_type=\"call-to-action.default\">\n\t\t\t\t<div class=\"elementor-widget-container\">\n\t\t\t\t\t\t\t<div class=\"elementor-cta\">\n\t\t\t\t\t<div class=\"elementor-cta__bg-wrapper\">\n\t\t\t\t<div class=\"elementor-cta__bg elementor-bg\" style=\"background-image: url(https:\/\/www.hs-kabeltechnik.at\/wp-content\/uploads\/2022\/11\/Daniel-Groemer.png);\" role=\"img\" aria-label=\"Daniel Gr\u00f6mer H&amp;S Kabeltechnik\"><\/div>\n\t\t\t\t<div class=\"elementor-cta__bg-overlay\"><\/div>\n\t\t\t<\/div>\n\t\t\t\t\t\t\t<div class=\"elementor-cta__content\">\n\t\t\t\t\n\t\t\t\t\t\t\t\t\t<h2 class=\"elementor-cta__title elementor-cta__content-item elementor-content-item\">\n\t\t\t\t\t\t\"Les voitures \u00e9lectriques sont une reconnaissance pour nous, les employ\u00e9s\"\t\t\t\t\t<\/h2>\n\t\t\t\t\n\t\t\t\t\t\t\t\t\t<div class=\"elementor-cta__description elementor-cta__content-item elementor-content-item\">\n\t\t\t\t\t\t<p><b>Daniel Gr\u00f6mer<\/b><br \/>vente technique<\/p>\n\t\t\t\t\t<\/div>\n\t\t\t\t\n\t\t\t\t\t\t\t\t\t<div class=\"elementor-cta__button-wrapper elementor-cta__content-item elementor-content-item \">\n\t\t\t\t\t<a class=\"elementor-cta__button elementor-button elementor-size-\" href=\"https:\/\/www.hs-kabeltechnik.at\/fr\/alle-mitarbeiter\/daniel-groemer\/\">\n\t\t\t\t\t\tEn savoir plus sur Daniel\t\t\t\t\t<\/a>\n\t\t\t\t\t<\/div>\n\t\t\t\t\t\t\t<\/div>\n\t\t\t\t\t\t<\/div>\n\t\t\t\t\t\t<\/div>\n\t\t\t\t<\/div>\n\t\t\t\t\t<\/div>\n\t\t<\/div>\n\t\t\t\t<div class=\"elementor-column elementor-col-33 elementor-top-column elementor-element elementor-element-207c8737\" data-id=\"207c8737\" data-element_type=\"column\">\n\t\t\t<div class=\"elementor-widget-wrap elementor-element-populated\">\n\t\t\t\t\t\t<div class=\"elementor-element elementor-element-e5b5b25 elementor-cta--skin-classic elementor-animated-content elementor-bg-transform elementor-bg-transform-zoom-in elementor-widget elementor-widget-call-to-action\" data-id=\"e5b5b25\" data-element_type=\"widget\" data-widget_type=\"call-to-action.default\">\n\t\t\t\t<div class=\"elementor-widget-container\">\n\t\t\t\t\t\t\t<div class=\"elementor-cta\">\n\t\t\t\t\t<div class=\"elementor-cta__bg-wrapper\">\n\t\t\t\t<div class=\"elementor-cta__bg elementor-bg\" style=\"background-image: url(https:\/\/www.hs-kabeltechnik.at\/wp-content\/uploads\/2022\/10\/Heidrun-Zellner.png);\" role=\"img\" aria-label=\"Heidrun Gsottberger\"><\/div>\n\t\t\t\t<div class=\"elementor-cta__bg-overlay\"><\/div>\n\t\t\t<\/div>\n\t\t\t\t\t\t\t<div class=\"elementor-cta__content\">\n\t\t\t\t\n\t\t\t\t\t\t\t\t\t<h2 class=\"elementor-cta__title elementor-cta__content-item elementor-content-item\">\n\t\t\t\t\t\t\"on ne peut pas r\u00e9sister \u00e0 une si belle <br>offre\"\t\t\t\t\t<\/h2>\n\t\t\t\t\n\t\t\t\t\t\t\t\t\t<div class=\"elementor-cta__description elementor-cta__content-item elementor-content-item\">\n\t\t\t\t\t\t<p><b>Heidrun Gsottberger<\/b><br \/>service client\u00e8le<\/p>\n\t\t\t\t\t<\/div>\n\t\t\t\t\n\t\t\t\t\t\t\t\t\t<div class=\"elementor-cta__button-wrapper elementor-cta__content-item elementor-content-item \">\n\t\t\t\t\t<a class=\"elementor-cta__button elementor-button elementor-size-\" href=\"https:\/\/www.hs-kabeltechnik.at\/\/fr\/alle-mitarbeiter\/heidrun-zellner\/\">\n\t\t\t\t\t\tEn savoir plus sur Heidi\t\t\t\t\t<\/a>\n\t\t\t\t\t<\/div>\n\t\t\t\t\t\t\t<\/div>\n\t\t\t\t\t\t<\/div>\n\t\t\t\t\t\t<\/div>\n\t\t\t\t<\/div>\n\t\t\t\t\t<\/div>\n\t\t<\/div>\n\t\t\t\t\t<\/div>\n\t\t<\/section>\n\t\t\t\t<\/div>\n\t\t","protected":false},"excerpt":{"rendered":"<p>Premi\u00e8re flotte \u00e9lectrique pour les collaborateurs de H&#038;S.<\/p>\n","protected":false},"author":12,"featured_media":1173,"comment_status":"closed","ping_status":"open","sticky":false,"template":"","format":"standard","meta":{"_acf_changed":false,"_genesis_hide_title":false,"_genesis_hide_breadcrumbs":false,"_genesis_hide_singular_image":false,"_genesis_hide_footer_widgets":false,"_genesis_custom_body_class":"","_genesis_custom_post_class":"","_genesis_layout":"","footnotes":""},"categories":[31],"tags":[],"class_list":{"0":"post-12417","1":"post","2":"type-post","3":"status-publish","4":"format-standard","5":"has-post-thumbnail","7":"category-non-classifiee","8":"entry"},"acf":[],"_links":{"self":[{"href":"https:\/\/www.hs-kabeltechnik.at\/fr\/wp-json\/wp\/v2\/posts\/12417","targetHints":{"allow":["GET"]}}],"collection":[{"href":"https:\/\/www.hs-kabeltechnik.at\/fr\/wp-json\/wp\/v2\/posts"}],"about":[{"href":"https:\/\/www.hs-kabeltechnik.at\/fr\/wp-json\/wp\/v2\/types\/post"}],"author":[{"embeddable":true,"href":"https:\/\/www.hs-kabeltechnik.at\/fr\/wp-json\/wp\/v2\/users\/12"}],"replies":[{"embeddable":true,"href":"https:\/\/www.hs-kabeltechnik.at\/fr\/wp-json\/wp\/v2\/comments?post=12417"}],"version-history":[{"count":4,"href":"https:\/\/www.hs-kabeltechnik.at\/fr\/wp-json\/wp\/v2\/posts\/12417\/revisions"}],"predecessor-version":[{"id":16804,"href":"https:\/\/www.hs-kabeltechnik.at\/fr\/wp-json\/wp\/v2\/posts\/12417\/revisions\/16804"}],"wp:featuredmedia":[{"embeddable":true,"href":"https:\/\/www.hs-kabeltechnik.at\/fr\/wp-json\/wp\/v2\/media\/1173"}],"wp:attachment":[{"href":"https:\/\/www.hs-kabeltechnik.at\/fr\/wp-json\/wp\/v2\/media?parent=12417"}],"wp:term":[{"taxonomy":"category","embeddable":true,"href":"https:\/\/www.hs-kabeltechnik.at\/fr\/wp-json\/wp\/v2\/categories?post=12417"},{"taxonomy":"post_tag","embeddable":true,"href":"https:\/\/www.hs-kabeltechnik.at\/fr\/wp-json\/wp\/v2\/tags?post=12417"}],"curies":[{"name":"wp","href":"https:\/\/api.w.org\/{rel}","templated":true}]}}