{"id":11355,"date":"2025-03-24T14:11:21","date_gmt":"2025-03-24T14:11:21","guid":{"rendered":"https:\/\/p-ga7ckg.project.space\/ish-francfort-2025\/"},"modified":"2025-09-30T10:10:50","modified_gmt":"2025-09-30T10:10:50","slug":"ish-francfort-2025","status":"publish","type":"post","link":"https:\/\/www.hs-kabeltechnik.at\/fr\/ish-francfort-2025\/","title":{"rendered":"ISH Francfort 2025"},"content":{"rendered":"\t\t<div data-elementor-type=\"wp-post\" data-elementor-id=\"11355\" class=\"elementor elementor-11355 elementor-11263\" data-elementor-post-type=\"post\">\n\t\t\t\t\t\t<section class=\"elementor-section elementor-top-section elementor-element elementor-element-cab1dda elementor-section-boxed elementor-section-height-default elementor-section-height-default\" data-id=\"cab1dda\" data-element_type=\"section\">\n\t\t\t\t\t\t<div class=\"elementor-container elementor-column-gap-default\">\n\t\t\t\t\t<div class=\"elementor-column elementor-col-100 elementor-top-column elementor-element elementor-element-af8c97e\" data-id=\"af8c97e\" data-element_type=\"column\">\n\t\t\t<div class=\"elementor-widget-wrap elementor-element-populated\">\n\t\t\t\t\t\t<div class=\"elementor-element elementor-element-1bb0b5d elementor-widget elementor-widget-heading\" data-id=\"1bb0b5d\" data-element_type=\"widget\" data-widget_type=\"heading.default\">\n\t\t\t\t<div class=\"elementor-widget-container\">\n\t\t\t\t\t<h3 class=\"elementor-heading-title elementor-size-default\">MARS 2025<\/h3>\t\t\t\t<\/div>\n\t\t\t\t<\/div>\n\t\t\t\t\t<\/div>\n\t\t<\/div>\n\t\t\t\t\t<\/div>\n\t\t<\/section>\n\t\t\t\t<section class=\"elementor-section elementor-top-section elementor-element elementor-element-a6f6f07 elementor-section-boxed elementor-section-height-default elementor-section-height-default\" data-id=\"a6f6f07\" data-element_type=\"section\">\n\t\t\t\t\t\t<div class=\"elementor-container elementor-column-gap-default\">\n\t\t\t\t\t<div class=\"elementor-column elementor-col-100 elementor-top-column elementor-element elementor-element-83d7f76\" data-id=\"83d7f76\" data-element_type=\"column\">\n\t\t\t<div class=\"elementor-widget-wrap elementor-element-populated\">\n\t\t\t\t\t\t<div class=\"elementor-element elementor-element-38ecdc8 elementor-widget elementor-widget-heading\" data-id=\"38ecdc8\" data-element_type=\"widget\" data-widget_type=\"heading.default\">\n\t\t\t\t<div class=\"elementor-widget-container\">\n\t\t\t\t\t<h3 class=\"elementor-heading-title elementor-size-default\"><a href=\"https:\/\/www.hs-kabeltechnik.at\/\/fr\/hs-kabeltechnik-poursuit-sa-croissance\/\">Num\u00e9risation et durabilit\u00e9 - L'ISH 2025 montre la voie de l'avenir<\/a><\/h3>\t\t\t\t<\/div>\n\t\t\t\t<\/div>\n\t\t\t\t\t<\/div>\n\t\t<\/div>\n\t\t\t\t\t<\/div>\n\t\t<\/section>\n\t\t\t\t<section class=\"elementor-section elementor-top-section elementor-element elementor-element-1293c70 elementor-section-boxed elementor-section-height-default elementor-section-height-default\" data-id=\"1293c70\" data-element_type=\"section\">\n\t\t\t\t\t\t<div class=\"elementor-container elementor-column-gap-default\">\n\t\t\t\t\t<div class=\"elementor-column elementor-col-50 elementor-top-column elementor-element elementor-element-91483a7\" data-id=\"91483a7\" data-element_type=\"column\">\n\t\t\t<div class=\"elementor-widget-wrap elementor-element-populated\">\n\t\t\t\t\t\t<div class=\"elementor-element elementor-element-4530956 elementor-widget elementor-widget-text-editor\" data-id=\"4530956\" data-element_type=\"widget\" data-widget_type=\"text-editor.default\">\n\t\t\t\t<div class=\"elementor-widget-container\">\n\t\t\t\t\t\t\t\t\t5 jours de bonnes discussions, de nouveaux produits impressionnants et d&rsquo;agitation sur le salon: En collaboration avec notre bon partenaire <a href=\u00ab https:\/\/www.testo-sensor.de\/ \u00bb>Testo Sensor<\/a>, nous avons expos\u00e9 pour la cinqui\u00e8me fois au salon ISH de Francfort.<br><br>Face au changement climatique et aux exigences environnementales croissantes, la gestion durable de l&rsquo;eau, de la chaleur et de l&rsquo;air devient de plus en plus importante. Le salon ISH 2025 a montr\u00e9 avec quelle d\u00e9termination l&rsquo;industrie g\u00e8re le changement : Jamais autant d&rsquo;innovations n&rsquo;ont \u00e9t\u00e9 pr\u00e9sent\u00e9es : Des nouvelles solutions de chauffage et de climatisation \u00e0 la gestion intelligente de l&rsquo;eau, on travaille sur des solutions durables dans chaque domaine.<br><br>\t\t\t\t\t\t\t\t<\/div>\n\t\t\t\t<\/div>\n\t\t\t\t\t<\/div>\n\t\t<\/div>\n\t\t\t\t<div class=\"elementor-column elementor-col-50 elementor-top-column elementor-element elementor-element-2766105\" data-id=\"2766105\" data-element_type=\"column\">\n\t\t\t<div class=\"elementor-widget-wrap elementor-element-populated\">\n\t\t\t\t\t\t<div class=\"elementor-element elementor-element-3c28206 elementor-widget elementor-widget-image\" data-id=\"3c28206\" data-element_type=\"widget\" data-widget_type=\"image.default\">\n\t\t\t\t<div class=\"elementor-widget-container\">\n\t\t\t\t\t\t\t\t\t\t\t\t\t\t\t<img fetchpriority=\"high\" decoding=\"async\" width=\"1024\" height=\"683\" src=\"https:\/\/www.hs-kabeltechnik.at\/wp-content\/uploads\/2025\/03\/ISH-Frankfurt-Messegelaende-1024x683.jpg\" class=\"attachment-large size-large wp-image-11266\" alt=\"ISH Frankfurt Parc des expositions\" srcset=\"https:\/\/www.hs-kabeltechnik.at\/wp-content\/uploads\/2025\/03\/ISH-Frankfurt-Messegelaende-1024x683.jpg 1024w, https:\/\/www.hs-kabeltechnik.at\/wp-content\/uploads\/2025\/03\/ISH-Frankfurt-Messegelaende-300x200.jpg 300w, https:\/\/www.hs-kabeltechnik.at\/wp-content\/uploads\/2025\/03\/ISH-Frankfurt-Messegelaende-768x512.jpg 768w, https:\/\/www.hs-kabeltechnik.at\/wp-content\/uploads\/2025\/03\/ISH-Frankfurt-Messegelaende-1536x1024.jpg 1536w, https:\/\/www.hs-kabeltechnik.at\/wp-content\/uploads\/2025\/03\/ISH-Frankfurt-Messegelaende-2048x1366.jpg 2048w\" sizes=\"(max-width: 1024px) 100vw, 1024px\" \/>\t\t\t\t\t\t\t\t\t\t\t\t\t\t\t<\/div>\n\t\t\t\t<\/div>\n\t\t\t\t\t<\/div>\n\t\t<\/div>\n\t\t\t\t\t<\/div>\n\t\t<\/section>\n\t\t\t\t<section class=\"elementor-section elementor-top-section elementor-element elementor-element-32cc23a elementor-section-boxed elementor-section-height-default elementor-section-height-default\" data-id=\"32cc23a\" data-element_type=\"section\">\n\t\t\t\t\t\t<div class=\"elementor-container elementor-column-gap-default\">\n\t\t\t\t\t<div class=\"elementor-column elementor-col-50 elementor-top-column elementor-element elementor-element-8ad954d\" data-id=\"8ad954d\" data-element_type=\"column\">\n\t\t\t<div class=\"elementor-widget-wrap elementor-element-populated\">\n\t\t\t\t\t\t<div class=\"elementor-element elementor-element-4dd9a13 elementor-widget elementor-widget-text-editor\" data-id=\"4dd9a13\" data-element_type=\"widget\" data-widget_type=\"text-editor.default\">\n\t\t\t\t<div class=\"elementor-widget-container\">\n\t\t\t\t\t\t\t\t\tLe salon a d\u00e9finitivement \u00e9t\u00e9 l&rsquo;un des points forts du calendrier de cette ann\u00e9e:<br><ul>\r\n \t<li>163.157 visiteurs de 150 pays<\/li>\r\n \t<li>72 pour cent d&rsquo;exposants internationaux de 54 pays<\/li>\r\n \t<li>Occupation de l&rsquo;ensemble du parc des expositions de Francfort<\/li>\r\n<\/ul>\t\t\t\t\t\t\t\t<\/div>\n\t\t\t\t<\/div>\n\t\t\t\t\t<\/div>\n\t\t<\/div>\n\t\t\t\t<div class=\"elementor-column elementor-col-50 elementor-top-column elementor-element elementor-element-89b41c4\" data-id=\"89b41c4\" data-element_type=\"column\">\n\t\t\t<div class=\"elementor-widget-wrap elementor-element-populated\">\n\t\t\t\t\t\t<div class=\"elementor-element elementor-element-f65ed72 elementor-widget elementor-widget-image\" data-id=\"f65ed72\" data-element_type=\"widget\" data-widget_type=\"image.default\">\n\t\t\t\t<div class=\"elementor-widget-container\">\n\t\t\t\t\t\t\t\t\t\t\t\t\t\t\t<img decoding=\"async\" width=\"1024\" height=\"825\" src=\"https:\/\/www.hs-kabeltechnik.at\/wp-content\/uploads\/2025\/03\/Messestand-2025-Standpersonal-ISH-Frankfurt-1024x825.png\" class=\"attachment-large size-large wp-image-11326\" alt=\"Stand d&#039;exposition 2025 Personnel du stand ISH Francfort\" srcset=\"https:\/\/www.hs-kabeltechnik.at\/wp-content\/uploads\/2025\/03\/Messestand-2025-Standpersonal-ISH-Frankfurt-1024x825.png 1024w, https:\/\/www.hs-kabeltechnik.at\/wp-content\/uploads\/2025\/03\/Messestand-2025-Standpersonal-ISH-Frankfurt-300x242.png 300w, https:\/\/www.hs-kabeltechnik.at\/wp-content\/uploads\/2025\/03\/Messestand-2025-Standpersonal-ISH-Frankfurt-768x618.png 768w, https:\/\/www.hs-kabeltechnik.at\/wp-content\/uploads\/2025\/03\/Messestand-2025-Standpersonal-ISH-Frankfurt-1536x1237.png 1536w, https:\/\/www.hs-kabeltechnik.at\/wp-content\/uploads\/2025\/03\/Messestand-2025-Standpersonal-ISH-Frankfurt-2048x1649.png 2048w\" sizes=\"(max-width: 1024px) 100vw, 1024px\" \/>\t\t\t\t\t\t\t\t\t\t\t\t\t\t\t<\/div>\n\t\t\t\t<\/div>\n\t\t\t\t\t<\/div>\n\t\t<\/div>\n\t\t\t\t\t<\/div>\n\t\t<\/section>\n\t\t\t\t<section class=\"elementor-section elementor-top-section elementor-element elementor-element-f448622 elementor-section-boxed elementor-section-height-default elementor-section-height-default\" data-id=\"f448622\" data-element_type=\"section\">\n\t\t\t\t\t\t<div class=\"elementor-container elementor-column-gap-default\">\n\t\t\t\t\t<div class=\"elementor-column elementor-col-100 elementor-top-column elementor-element elementor-element-944a81d\" data-id=\"944a81d\" data-element_type=\"column\">\n\t\t\t<div class=\"elementor-widget-wrap elementor-element-populated\">\n\t\t\t\t\t\t<div class=\"elementor-element elementor-element-7bc55e3 elementor-widget elementor-widget-text-editor\" data-id=\"7bc55e3\" data-element_type=\"widget\" data-widget_type=\"text-editor.default\">\n\t\t\t\t<div class=\"elementor-widget-container\">\n\t\t\t\t\t\t\t\t\t<h4>Nous pr\u00e9sent\u00e9 deux nouveaux produits \u2013 curieux :<\/h4>\n\t\t\t\t\t\t\t\t<\/div>\n\t\t\t\t<\/div>\n\t\t\t\t\t<\/div>\n\t\t<\/div>\n\t\t\t\t\t<\/div>\n\t\t<\/section>\n\t\t\t\t<section class=\"elementor-section elementor-top-section elementor-element elementor-element-f801d58 elementor-section-boxed elementor-section-height-default elementor-section-height-default\" data-id=\"f801d58\" data-element_type=\"section\">\n\t\t\t\t\t\t<div class=\"elementor-container elementor-column-gap-default\">\n\t\t\t\t\t<div class=\"elementor-column elementor-col-50 elementor-top-column elementor-element elementor-element-568137b\" data-id=\"568137b\" data-element_type=\"column\">\n\t\t\t<div class=\"elementor-widget-wrap elementor-element-populated\">\n\t\t\t\t\t\t<div class=\"elementor-element elementor-element-45406eb elementor-cta--skin-classic elementor-animated-content elementor-bg-transform elementor-bg-transform-zoom-in elementor-widget elementor-widget-call-to-action\" data-id=\"45406eb\" data-element_type=\"widget\" data-widget_type=\"call-to-action.default\">\n\t\t\t\t<div class=\"elementor-widget-container\">\n\t\t\t\t\t\t\t<div class=\"elementor-cta\">\n\t\t\t\t\t<div class=\"elementor-cta__bg-wrapper\">\n\t\t\t\t<div class=\"elementor-cta__bg elementor-bg\" style=\"background-image: url(https:\/\/www.hs-kabeltechnik.at\/wp-content\/uploads\/2025\/03\/Belt_Silicon_Heater-1024x768.jpg);\" role=\"img\" aria-label=\"Heizg\u00fcrtel\"><\/div>\n\t\t\t\t<div class=\"elementor-cta__bg-overlay\"><\/div>\n\t\t\t<\/div>\n\t\t\t\t\t\t\t<div class=\"elementor-cta__content\">\n\t\t\t\t\n\t\t\t\t\t\t\t\t\t<h2 class=\"elementor-cta__title elementor-cta__content-item elementor-content-item\">\n\t\t\t\t\t\tCeinture chauffante en silicone\t\t\t\t\t<\/h2>\n\t\t\t\t\n\t\t\t\t\t\t\t\t\t<div class=\"elementor-cta__description elementor-cta__content-item elementor-content-item\">\n\t\t\t\t\t\t<p>pour votre pompe \u00e0 chaleur<\/p>\n\t\t\t\t\t<\/div>\n\t\t\t\t\n\t\t\t\t\t\t\t\t\t<div class=\"elementor-cta__button-wrapper elementor-cta__content-item elementor-content-item \">\n\t\t\t\t\t<a class=\"elementor-cta__button elementor-button elementor-size-\" href=\"https:\/\/p-ga7ckg.project.space\/wp-content\/uploads\/2025\/03\/Electric-Charger-Katalog-HS-Sensortechnik.pdf\" rel=\"noopener\">\n\t\t\t\t\t\tEn savoir plus ici\t\t\t\t\t<\/a>\n\t\t\t\t\t<\/div>\n\t\t\t\t\t\t\t<\/div>\n\t\t\t\t\t\t<\/div>\n\t\t\t\t\t\t<\/div>\n\t\t\t\t<\/div>\n\t\t\t\t\t<\/div>\n\t\t<\/div>\n\t\t\t\t<div class=\"elementor-column elementor-col-50 elementor-top-column elementor-element elementor-element-fe86717\" data-id=\"fe86717\" data-element_type=\"column\">\n\t\t\t<div class=\"elementor-widget-wrap elementor-element-populated\">\n\t\t\t\t\t\t<div class=\"elementor-element elementor-element-ce7f2a2 elementor-cta--skin-classic elementor-animated-content elementor-bg-transform elementor-bg-transform-zoom-in elementor-widget elementor-widget-call-to-action\" data-id=\"ce7f2a2\" data-element_type=\"widget\" data-widget_type=\"call-to-action.default\">\n\t\t\t\t<div class=\"elementor-widget-container\">\n\t\t\t\t\t\t\t<div class=\"elementor-cta\">\n\t\t\t\t\t<div class=\"elementor-cta__bg-wrapper\">\n\t\t\t\t<div class=\"elementor-cta__bg elementor-bg\" style=\"background-image: url(https:\/\/www.hs-kabeltechnik.at\/wp-content\/uploads\/2025\/03\/Breitbandsonde-1024x682.jpg);\" role=\"img\" aria-label=\"Breitbandsonde\"><\/div>\n\t\t\t\t<div class=\"elementor-cta__bg-overlay\"><\/div>\n\t\t\t<\/div>\n\t\t\t\t\t\t\t<div class=\"elementor-cta__content\">\n\t\t\t\t\n\t\t\t\t\t\t\t\t\t<h2 class=\"elementor-cta__title elementor-cta__content-item elementor-content-item\">\n\t\t\t\t\t\tSonde \u00e0 large bande\t\t\t\t\t<\/h2>\n\t\t\t\t\n\t\t\t\t\t\t\t\t\t<div class=\"elementor-cta__description elementor-cta__content-item elementor-content-item\">\n\t\t\t\t\t\t<p>pour votre chauffage au GAZ et au H2<\/p>\n\t\t\t\t\t<\/div>\n\t\t\t\t\n\t\t\t\t\t\t\t\t\t<div class=\"elementor-cta__button-wrapper elementor-cta__content-item elementor-content-item \">\n\t\t\t\t\t<a class=\"elementor-cta__button elementor-button elementor-size-\" href=\"https:\/\/p-ga7ckg.project.space\/wp-content\/uploads\/2025\/03\/Electric-Charger-Katalog-HS-Sensortechnik.pdf\" rel=\"noopener\">\n\t\t\t\t\t\tEn savoir plus ici\t\t\t\t\t<\/a>\n\t\t\t\t\t<\/div>\n\t\t\t\t\t\t\t<\/div>\n\t\t\t\t\t\t<\/div>\n\t\t\t\t\t\t<\/div>\n\t\t\t\t<\/div>\n\t\t\t\t\t<\/div>\n\t\t<\/div>\n\t\t\t\t\t<\/div>\n\t\t<\/section>\n\t\t\t\t<section class=\"elementor-section elementor-top-section elementor-element elementor-element-6ef58ec elementor-section-boxed elementor-section-height-default elementor-section-height-default\" data-id=\"6ef58ec\" data-element_type=\"section\">\n\t\t\t\t\t\t<div class=\"elementor-container elementor-column-gap-default\">\n\t\t\t\t\t<div class=\"elementor-column elementor-col-100 elementor-top-column elementor-element elementor-element-8a400fc\" data-id=\"8a400fc\" data-element_type=\"column\">\n\t\t\t<div class=\"elementor-widget-wrap elementor-element-populated\">\n\t\t\t\t\t\t<div class=\"elementor-element elementor-element-1240adc elementor-widget elementor-widget-image\" data-id=\"1240adc\" data-element_type=\"widget\" data-widget_type=\"image.default\">\n\t\t\t\t<div class=\"elementor-widget-container\">\n\t\t\t\t\t\t\t\t\t\t\t\t\t\t\t<img decoding=\"async\" src=\"https:\/\/hs-kabeltechnik.at\/wp-content\/uploads\/2025\/03\/Breitbandsonde-Katalog-Niterra-Neu-1.pdf\" title=\"\" alt=\"\" loading=\"lazy\" \/>\t\t\t\t\t\t\t\t\t\t\t\t\t\t\t<\/div>\n\t\t\t\t<\/div>\n\t\t\t\t\t<\/div>\n\t\t<\/div>\n\t\t\t\t\t<\/div>\n\t\t<\/section>\n\t\t\t\t<section class=\"elementor-section elementor-top-section elementor-element elementor-element-8e31d9e elementor-section-boxed elementor-section-height-default elementor-section-height-default\" data-id=\"8e31d9e\" data-element_type=\"section\">\n\t\t\t\t\t\t<div class=\"elementor-container elementor-column-gap-default\">\n\t\t\t\t\t<div class=\"elementor-column elementor-col-100 elementor-top-column elementor-element elementor-element-fa305f3\" data-id=\"fa305f3\" data-element_type=\"column\">\n\t\t\t<div class=\"elementor-widget-wrap elementor-element-populated\">\n\t\t\t\t\t\t<div class=\"elementor-element elementor-element-c0c890a elementor-widget elementor-widget-text-editor\" data-id=\"c0c890a\" data-element_type=\"widget\" data-widget_type=\"text-editor.default\">\n\t\t\t\t<div class=\"elementor-widget-container\">\n\t\t\t\t\t\t\t\t\tEn tant qu&rsquo;exposant parmi 2.183 autres, nous souhaitons remercier tout particuli\u00e8rement les personnes qui ont visit\u00e9 notre stand et qui ont eu des entretiens constructifs.<br><br>Nous attendons avec impatience votre demande et vous donnons rendez-vous en 2027 : du 15 au 19 mars \u00e0 Francfort, o\u00f9 le mot d&rsquo;ordre sera \u00e0 nouveau d&rsquo;ouvrir les portes \u00e0 de nouveaux champs de solutions d&rsquo;avenir.\t\t\t\t\t\t\t\t<\/div>\n\t\t\t\t<\/div>\n\t\t\t\t\t<\/div>\n\t\t<\/div>\n\t\t\t\t\t<\/div>\n\t\t<\/section>\n\t\t\t\t<section class=\"elementor-section elementor-top-section elementor-element elementor-element-dfd9116 elementor-section-boxed elementor-section-height-default elementor-section-height-default\" data-id=\"dfd9116\" data-element_type=\"section\">\n\t\t\t\t\t\t<div class=\"elementor-container elementor-column-gap-default\">\n\t\t\t\t\t<div class=\"elementor-column elementor-col-100 elementor-top-column elementor-element elementor-element-a598e71\" data-id=\"a598e71\" data-element_type=\"column\">\n\t\t\t<div class=\"elementor-widget-wrap elementor-element-populated\">\n\t\t\t\t\t\t<div class=\"elementor-element elementor-element-3ac0578 elementor-widget-divider--view-line elementor-widget elementor-widget-divider\" data-id=\"3ac0578\" data-element_type=\"widget\" data-widget_type=\"divider.default\">\n\t\t\t\t<div class=\"elementor-widget-container\">\n\t\t\t\t\t\t\t<div class=\"elementor-divider\">\n\t\t\t<span class=\"elementor-divider-separator\">\n\t\t\t\t\t\t<\/span>\n\t\t<\/div>\n\t\t\t\t\t\t<\/div>\n\t\t\t\t<\/div>\n\t\t\t\t\t<\/div>\n\t\t<\/div>\n\t\t\t\t\t<\/div>\n\t\t<\/section>\n\t\t\t\t<section class=\"elementor-section elementor-top-section elementor-element elementor-element-cf973bb elementor-section-boxed elementor-section-height-default elementor-section-height-default\" data-id=\"cf973bb\" data-element_type=\"section\">\n\t\t\t\t\t\t<div class=\"elementor-container elementor-column-gap-default\">\n\t\t\t\t\t<div class=\"elementor-column elementor-col-100 elementor-top-column elementor-element elementor-element-596cfd3\" data-id=\"596cfd3\" data-element_type=\"column\">\n\t\t\t<div class=\"elementor-widget-wrap elementor-element-populated\">\n\t\t\t\t\t\t<div class=\"elementor-element elementor-element-4b4f616 elementor-widget elementor-widget-heading\" data-id=\"4b4f616\" data-element_type=\"widget\" data-widget_type=\"heading.default\">\n\t\t\t\t<div class=\"elementor-widget-container\">\n\t\t\t\t\t<h3 class=\"elementor-heading-title elementor-size-default\">Voyage dans le temps de notre pr\u00e9sence au salon ISH de Francfort<\/h3>\t\t\t\t<\/div>\n\t\t\t\t<\/div>\n\t\t\t\t\t<\/div>\n\t\t<\/div>\n\t\t\t\t\t<\/div>\n\t\t<\/section>\n\t\t\t\t<section class=\"elementor-section elementor-top-section elementor-element elementor-element-d0a99b1 elementor-section-boxed elementor-section-height-default elementor-section-height-default\" data-id=\"d0a99b1\" data-element_type=\"section\">\n\t\t\t\t\t\t<div class=\"elementor-container elementor-column-gap-default\">\n\t\t\t\t\t<div class=\"elementor-column elementor-col-20 elementor-top-column elementor-element elementor-element-240574d\" data-id=\"240574d\" data-element_type=\"column\">\n\t\t\t<div class=\"elementor-widget-wrap elementor-element-populated\">\n\t\t\t\t\t\t<div class=\"elementor-element elementor-element-3346b7c elementor-widget elementor-widget-heading\" data-id=\"3346b7c\" data-element_type=\"widget\" data-widget_type=\"heading.default\">\n\t\t\t\t<div class=\"elementor-widget-container\">\n\t\t\t\t\t<h4 class=\"elementor-heading-title elementor-size-default\">2015<\/h4>\t\t\t\t<\/div>\n\t\t\t\t<\/div>\n\t\t\t\t\t<\/div>\n\t\t<\/div>\n\t\t\t\t<div class=\"elementor-column elementor-col-20 elementor-top-column elementor-element elementor-element-6d9926f\" data-id=\"6d9926f\" data-element_type=\"column\">\n\t\t\t<div class=\"elementor-widget-wrap elementor-element-populated\">\n\t\t\t\t\t\t<div class=\"elementor-element elementor-element-522fb91 elementor-widget elementor-widget-heading\" data-id=\"522fb91\" data-element_type=\"widget\" data-widget_type=\"heading.default\">\n\t\t\t\t<div class=\"elementor-widget-container\">\n\t\t\t\t\t<h4 class=\"elementor-heading-title elementor-size-default\">2017<\/h4>\t\t\t\t<\/div>\n\t\t\t\t<\/div>\n\t\t\t\t\t<\/div>\n\t\t<\/div>\n\t\t\t\t<div class=\"elementor-column elementor-col-20 elementor-top-column elementor-element elementor-element-a13a6c9\" data-id=\"a13a6c9\" data-element_type=\"column\">\n\t\t\t<div class=\"elementor-widget-wrap elementor-element-populated\">\n\t\t\t\t\t\t<div class=\"elementor-element elementor-element-fcdfb9b elementor-widget elementor-widget-heading\" data-id=\"fcdfb9b\" data-element_type=\"widget\" data-widget_type=\"heading.default\">\n\t\t\t\t<div class=\"elementor-widget-container\">\n\t\t\t\t\t<h4 class=\"elementor-heading-title elementor-size-default\">2019<\/h4>\t\t\t\t<\/div>\n\t\t\t\t<\/div>\n\t\t\t\t\t<\/div>\n\t\t<\/div>\n\t\t\t\t<div class=\"elementor-column elementor-col-20 elementor-top-column elementor-element elementor-element-332913f\" data-id=\"332913f\" data-element_type=\"column\">\n\t\t\t<div class=\"elementor-widget-wrap elementor-element-populated\">\n\t\t\t\t\t\t<div class=\"elementor-element elementor-element-724d1a1 elementor-widget elementor-widget-heading\" data-id=\"724d1a1\" data-element_type=\"widget\" data-widget_type=\"heading.default\">\n\t\t\t\t<div class=\"elementor-widget-container\">\n\t\t\t\t\t<h4 class=\"elementor-heading-title elementor-size-default\">2023<\/h4>\t\t\t\t<\/div>\n\t\t\t\t<\/div>\n\t\t\t\t\t<\/div>\n\t\t<\/div>\n\t\t\t\t<div class=\"elementor-column elementor-col-20 elementor-top-column elementor-element elementor-element-d07f779\" data-id=\"d07f779\" data-element_type=\"column\">\n\t\t\t<div class=\"elementor-widget-wrap elementor-element-populated\">\n\t\t\t\t\t\t<div class=\"elementor-element elementor-element-65ac380 elementor-widget elementor-widget-heading\" data-id=\"65ac380\" data-element_type=\"widget\" data-widget_type=\"heading.default\">\n\t\t\t\t<div class=\"elementor-widget-container\">\n\t\t\t\t\t<h4 class=\"elementor-heading-title elementor-size-default\">2025<\/h4>\t\t\t\t<\/div>\n\t\t\t\t<\/div>\n\t\t\t\t\t<\/div>\n\t\t<\/div>\n\t\t\t\t\t<\/div>\n\t\t<\/section>\n\t\t\t\t<section class=\"elementor-section elementor-top-section elementor-element elementor-element-f191ba7 elementor-section-boxed elementor-section-height-default elementor-section-height-default\" data-id=\"f191ba7\" data-element_type=\"section\">\n\t\t\t\t\t\t<div class=\"elementor-container elementor-column-gap-default\">\n\t\t\t\t\t<div class=\"elementor-column elementor-col-20 elementor-top-column elementor-element elementor-element-915f038\" data-id=\"915f038\" data-element_type=\"column\">\n\t\t\t<div class=\"elementor-widget-wrap elementor-element-populated\">\n\t\t\t\t\t\t<div class=\"elementor-element elementor-element-6c3d4f1 elementor-widget elementor-widget-image\" data-id=\"6c3d4f1\" data-element_type=\"widget\" data-widget_type=\"image.default\">\n\t\t\t\t<div class=\"elementor-widget-container\">\n\t\t\t\t\t\t\t\t\t\t\t\t\t\t\t<img decoding=\"async\" width=\"1024\" height=\"825\" src=\"https:\/\/www.hs-kabeltechnik.at\/wp-content\/uploads\/2025\/03\/Messestand-2015-Christian-Hochegger-HS-Kabeltechnik-1024x825.png\" class=\"attachment-large size-large wp-image-11331\" alt=\"Stand d&#039;exposition 2015 Christian Hochegger H&amp;S Kabeltechnik\" srcset=\"https:\/\/www.hs-kabeltechnik.at\/wp-content\/uploads\/2025\/03\/Messestand-2015-Christian-Hochegger-HS-Kabeltechnik-1024x825.png 1024w, https:\/\/www.hs-kabeltechnik.at\/wp-content\/uploads\/2025\/03\/Messestand-2015-Christian-Hochegger-HS-Kabeltechnik-300x242.png 300w, https:\/\/www.hs-kabeltechnik.at\/wp-content\/uploads\/2025\/03\/Messestand-2015-Christian-Hochegger-HS-Kabeltechnik-768x618.png 768w, https:\/\/www.hs-kabeltechnik.at\/wp-content\/uploads\/2025\/03\/Messestand-2015-Christian-Hochegger-HS-Kabeltechnik-1536x1237.png 1536w, https:\/\/www.hs-kabeltechnik.at\/wp-content\/uploads\/2025\/03\/Messestand-2015-Christian-Hochegger-HS-Kabeltechnik-2048x1649.png 2048w\" sizes=\"(max-width: 1024px) 100vw, 1024px\" \/>\t\t\t\t\t\t\t\t\t\t\t\t\t\t\t<\/div>\n\t\t\t\t<\/div>\n\t\t\t\t\t<\/div>\n\t\t<\/div>\n\t\t\t\t<div class=\"elementor-column elementor-col-20 elementor-top-column elementor-element elementor-element-686efea\" data-id=\"686efea\" data-element_type=\"column\">\n\t\t\t<div class=\"elementor-widget-wrap elementor-element-populated\">\n\t\t\t\t\t\t<div class=\"elementor-element elementor-element-8250e2d elementor-widget elementor-widget-image\" data-id=\"8250e2d\" data-element_type=\"widget\" data-widget_type=\"image.default\">\n\t\t\t\t<div class=\"elementor-widget-container\">\n\t\t\t\t\t\t\t\t\t\t\t\t\t\t\t<img loading=\"lazy\" decoding=\"async\" width=\"1024\" height=\"825\" src=\"https:\/\/www.hs-kabeltechnik.at\/wp-content\/uploads\/2025\/03\/Messestand-2017-erster-eigener-Stand-ISH-Frankfurt-1024x825.png\" class=\"attachment-large size-large wp-image-11341\" alt=\"Stand de foire 2017 premier propre stand ISH Francfort\" srcset=\"https:\/\/www.hs-kabeltechnik.at\/wp-content\/uploads\/2025\/03\/Messestand-2017-erster-eigener-Stand-ISH-Frankfurt-1024x825.png 1024w, https:\/\/www.hs-kabeltechnik.at\/wp-content\/uploads\/2025\/03\/Messestand-2017-erster-eigener-Stand-ISH-Frankfurt-300x242.png 300w, https:\/\/www.hs-kabeltechnik.at\/wp-content\/uploads\/2025\/03\/Messestand-2017-erster-eigener-Stand-ISH-Frankfurt-768x618.png 768w, https:\/\/www.hs-kabeltechnik.at\/wp-content\/uploads\/2025\/03\/Messestand-2017-erster-eigener-Stand-ISH-Frankfurt-1536x1237.png 1536w, https:\/\/www.hs-kabeltechnik.at\/wp-content\/uploads\/2025\/03\/Messestand-2017-erster-eigener-Stand-ISH-Frankfurt-2048x1649.png 2048w\" sizes=\"(max-width: 1024px) 100vw, 1024px\" \/>\t\t\t\t\t\t\t\t\t\t\t\t\t\t\t<\/div>\n\t\t\t\t<\/div>\n\t\t\t\t\t<\/div>\n\t\t<\/div>\n\t\t\t\t<div class=\"elementor-column elementor-col-20 elementor-top-column elementor-element elementor-element-933319a\" data-id=\"933319a\" data-element_type=\"column\">\n\t\t\t<div class=\"elementor-widget-wrap elementor-element-populated\">\n\t\t\t\t\t\t<div class=\"elementor-element elementor-element-fc6ca38 elementor-widget elementor-widget-image\" data-id=\"fc6ca38\" data-element_type=\"widget\" data-widget_type=\"image.default\">\n\t\t\t\t<div class=\"elementor-widget-container\">\n\t\t\t\t\t\t\t\t\t\t\t\t\t\t\t<img loading=\"lazy\" decoding=\"async\" width=\"1024\" height=\"825\" src=\"https:\/\/www.hs-kabeltechnik.at\/wp-content\/uploads\/2025\/03\/Messestand-2019-ISH-Frankfurt-HS-Kabeltechnik-1024x825.png\" class=\"attachment-large size-large wp-image-11301\" alt=\"Stand d&#039;exposition 2019 ISH Francfort H&amp;S Kabeltechnik\" srcset=\"https:\/\/www.hs-kabeltechnik.at\/wp-content\/uploads\/2025\/03\/Messestand-2019-ISH-Frankfurt-HS-Kabeltechnik-1024x825.png 1024w, https:\/\/www.hs-kabeltechnik.at\/wp-content\/uploads\/2025\/03\/Messestand-2019-ISH-Frankfurt-HS-Kabeltechnik-300x242.png 300w, https:\/\/www.hs-kabeltechnik.at\/wp-content\/uploads\/2025\/03\/Messestand-2019-ISH-Frankfurt-HS-Kabeltechnik-768x618.png 768w, https:\/\/www.hs-kabeltechnik.at\/wp-content\/uploads\/2025\/03\/Messestand-2019-ISH-Frankfurt-HS-Kabeltechnik-1536x1237.png 1536w, https:\/\/www.hs-kabeltechnik.at\/wp-content\/uploads\/2025\/03\/Messestand-2019-ISH-Frankfurt-HS-Kabeltechnik-2048x1649.png 2048w\" sizes=\"(max-width: 1024px) 100vw, 1024px\" \/>\t\t\t\t\t\t\t\t\t\t\t\t\t\t\t<\/div>\n\t\t\t\t<\/div>\n\t\t\t\t\t<\/div>\n\t\t<\/div>\n\t\t\t\t<div class=\"elementor-column elementor-col-20 elementor-top-column elementor-element elementor-element-bdc9a00\" data-id=\"bdc9a00\" data-element_type=\"column\">\n\t\t\t<div class=\"elementor-widget-wrap elementor-element-populated\">\n\t\t\t\t\t\t<div class=\"elementor-element elementor-element-60d9410 elementor-widget elementor-widget-image\" data-id=\"60d9410\" data-element_type=\"widget\" data-widget_type=\"image.default\">\n\t\t\t\t<div class=\"elementor-widget-container\">\n\t\t\t\t\t\t\t\t\t\t\t\t\t\t\t<img loading=\"lazy\" decoding=\"async\" width=\"1024\" height=\"825\" src=\"https:\/\/www.hs-kabeltechnik.at\/wp-content\/uploads\/2025\/03\/Messestand-2023-gemeinsam-mit-Testo-ISH-1024x825.png\" class=\"attachment-large size-large wp-image-11311\" alt=\"Stand d&#039;exposition 2023 en commun avec Testo ISH\" srcset=\"https:\/\/www.hs-kabeltechnik.at\/wp-content\/uploads\/2025\/03\/Messestand-2023-gemeinsam-mit-Testo-ISH-1024x825.png 1024w, https:\/\/www.hs-kabeltechnik.at\/wp-content\/uploads\/2025\/03\/Messestand-2023-gemeinsam-mit-Testo-ISH-300x242.png 300w, https:\/\/www.hs-kabeltechnik.at\/wp-content\/uploads\/2025\/03\/Messestand-2023-gemeinsam-mit-Testo-ISH-768x618.png 768w, https:\/\/www.hs-kabeltechnik.at\/wp-content\/uploads\/2025\/03\/Messestand-2023-gemeinsam-mit-Testo-ISH-1536x1237.png 1536w, https:\/\/www.hs-kabeltechnik.at\/wp-content\/uploads\/2025\/03\/Messestand-2023-gemeinsam-mit-Testo-ISH-2048x1649.png 2048w\" sizes=\"(max-width: 1024px) 100vw, 1024px\" \/>\t\t\t\t\t\t\t\t\t\t\t\t\t\t\t<\/div>\n\t\t\t\t<\/div>\n\t\t\t\t\t<\/div>\n\t\t<\/div>\n\t\t\t\t<div class=\"elementor-column elementor-col-20 elementor-top-column elementor-element elementor-element-38dc81c\" data-id=\"38dc81c\" data-element_type=\"column\">\n\t\t\t<div class=\"elementor-widget-wrap elementor-element-populated\">\n\t\t\t\t\t\t<div class=\"elementor-element elementor-element-fbda96a elementor-widget elementor-widget-image\" data-id=\"fbda96a\" data-element_type=\"widget\" data-widget_type=\"image.default\">\n\t\t\t\t<div class=\"elementor-widget-container\">\n\t\t\t\t\t\t\t\t\t\t\t\t\t\t\t<img loading=\"lazy\" decoding=\"async\" width=\"1024\" height=\"825\" src=\"https:\/\/www.hs-kabeltechnik.at\/wp-content\/uploads\/2025\/03\/Messestand-2025-Messestand-mit-neuem-Design-ISH-1024x825.png\" class=\"attachment-large size-large wp-image-11321\" alt=\"Stand d&#039;exposition 2025 Stand d&#039;exposition avec un nouveau design ISH\" srcset=\"https:\/\/www.hs-kabeltechnik.at\/wp-content\/uploads\/2025\/03\/Messestand-2025-Messestand-mit-neuem-Design-ISH-1024x825.png 1024w, https:\/\/www.hs-kabeltechnik.at\/wp-content\/uploads\/2025\/03\/Messestand-2025-Messestand-mit-neuem-Design-ISH-300x242.png 300w, https:\/\/www.hs-kabeltechnik.at\/wp-content\/uploads\/2025\/03\/Messestand-2025-Messestand-mit-neuem-Design-ISH-768x618.png 768w, https:\/\/www.hs-kabeltechnik.at\/wp-content\/uploads\/2025\/03\/Messestand-2025-Messestand-mit-neuem-Design-ISH-1536x1237.png 1536w, https:\/\/www.hs-kabeltechnik.at\/wp-content\/uploads\/2025\/03\/Messestand-2025-Messestand-mit-neuem-Design-ISH-2048x1649.png 2048w\" sizes=\"(max-width: 1024px) 100vw, 1024px\" \/>\t\t\t\t\t\t\t\t\t\t\t\t\t\t\t<\/div>\n\t\t\t\t<\/div>\n\t\t\t\t\t<\/div>\n\t\t<\/div>\n\t\t\t\t\t<\/div>\n\t\t<\/section>\n\t\t\t\t<section class=\"elementor-section elementor-top-section elementor-element elementor-element-1360f81 elementor-section-boxed elementor-section-height-default elementor-section-height-default\" data-id=\"1360f81\" data-element_type=\"section\">\n\t\t\t\t\t\t<div class=\"elementor-container elementor-column-gap-default\">\n\t\t\t\t\t<div class=\"elementor-column elementor-col-20 elementor-top-column elementor-element elementor-element-a11d628\" data-id=\"a11d628\" data-element_type=\"column\">\n\t\t\t<div class=\"elementor-widget-wrap elementor-element-populated\">\n\t\t\t\t\t\t<div class=\"elementor-element elementor-element-8545199 elementor-widget elementor-widget-image\" data-id=\"8545199\" data-element_type=\"widget\" data-widget_type=\"image.default\">\n\t\t\t\t<div class=\"elementor-widget-container\">\n\t\t\t\t\t\t\t\t\t\t\t\t\t\t\t<img loading=\"lazy\" decoding=\"async\" width=\"1024\" height=\"825\" src=\"https:\/\/www.hs-kabeltechnik.at\/wp-content\/uploads\/2025\/03\/Messestand-2015-Galeria-WKO-HS-Kabeltechnik-1024x825.png\" class=\"attachment-large size-large wp-image-11336\" alt=\"Stand d&#039;exposition 2015 Galeria WKO H&amp;S Kabeltechnik\" srcset=\"https:\/\/www.hs-kabeltechnik.at\/wp-content\/uploads\/2025\/03\/Messestand-2015-Galeria-WKO-HS-Kabeltechnik-1024x825.png 1024w, https:\/\/www.hs-kabeltechnik.at\/wp-content\/uploads\/2025\/03\/Messestand-2015-Galeria-WKO-HS-Kabeltechnik-300x242.png 300w, https:\/\/www.hs-kabeltechnik.at\/wp-content\/uploads\/2025\/03\/Messestand-2015-Galeria-WKO-HS-Kabeltechnik-768x618.png 768w, https:\/\/www.hs-kabeltechnik.at\/wp-content\/uploads\/2025\/03\/Messestand-2015-Galeria-WKO-HS-Kabeltechnik-1536x1237.png 1536w, https:\/\/www.hs-kabeltechnik.at\/wp-content\/uploads\/2025\/03\/Messestand-2015-Galeria-WKO-HS-Kabeltechnik-2048x1649.png 2048w\" sizes=\"(max-width: 1024px) 100vw, 1024px\" \/>\t\t\t\t\t\t\t\t\t\t\t\t\t\t\t<\/div>\n\t\t\t\t<\/div>\n\t\t\t\t\t<\/div>\n\t\t<\/div>\n\t\t\t\t<div class=\"elementor-column elementor-col-20 elementor-top-column elementor-element elementor-element-a7094d7\" data-id=\"a7094d7\" data-element_type=\"column\">\n\t\t\t<div class=\"elementor-widget-wrap elementor-element-populated\">\n\t\t\t\t\t\t<div class=\"elementor-element elementor-element-285f932 elementor-widget elementor-widget-image\" data-id=\"285f932\" data-element_type=\"widget\" data-widget_type=\"image.default\">\n\t\t\t\t<div class=\"elementor-widget-container\">\n\t\t\t\t\t\t\t\t\t\t\t\t\t\t\t<img loading=\"lazy\" decoding=\"async\" width=\"1024\" height=\"825\" src=\"https:\/\/www.hs-kabeltechnik.at\/wp-content\/uploads\/2025\/03\/Messestand-2017-Standpersonal-ISH-Frankfurt-1024x825.png\" class=\"attachment-large size-large wp-image-11296\" alt=\"Stand d&#039;exposition 2017 Personnel du stand ISH Francfort\" srcset=\"https:\/\/www.hs-kabeltechnik.at\/wp-content\/uploads\/2025\/03\/Messestand-2017-Standpersonal-ISH-Frankfurt-1024x825.png 1024w, https:\/\/www.hs-kabeltechnik.at\/wp-content\/uploads\/2025\/03\/Messestand-2017-Standpersonal-ISH-Frankfurt-300x242.png 300w, https:\/\/www.hs-kabeltechnik.at\/wp-content\/uploads\/2025\/03\/Messestand-2017-Standpersonal-ISH-Frankfurt-768x618.png 768w, https:\/\/www.hs-kabeltechnik.at\/wp-content\/uploads\/2025\/03\/Messestand-2017-Standpersonal-ISH-Frankfurt-1536x1237.png 1536w, https:\/\/www.hs-kabeltechnik.at\/wp-content\/uploads\/2025\/03\/Messestand-2017-Standpersonal-ISH-Frankfurt-2048x1649.png 2048w\" sizes=\"(max-width: 1024px) 100vw, 1024px\" \/>\t\t\t\t\t\t\t\t\t\t\t\t\t\t\t<\/div>\n\t\t\t\t<\/div>\n\t\t\t\t\t<\/div>\n\t\t<\/div>\n\t\t\t\t<div class=\"elementor-column elementor-col-20 elementor-top-column elementor-element elementor-element-34288ac\" data-id=\"34288ac\" data-element_type=\"column\">\n\t\t\t<div class=\"elementor-widget-wrap elementor-element-populated\">\n\t\t\t\t\t\t<div class=\"elementor-element elementor-element-7daf53d elementor-widget elementor-widget-image\" data-id=\"7daf53d\" data-element_type=\"widget\" data-widget_type=\"image.default\">\n\t\t\t\t<div class=\"elementor-widget-container\">\n\t\t\t\t\t\t\t\t\t\t\t\t\t\t\t<img loading=\"lazy\" decoding=\"async\" width=\"1024\" height=\"825\" src=\"https:\/\/www.hs-kabeltechnik.at\/wp-content\/uploads\/2025\/03\/Messestand-2019-Standpersonal-ISH-Frankfurt-1024x825.png\" class=\"attachment-large size-large wp-image-11306\" alt=\"Stand d&#039;exposition 2019 Personnel du stand ISH Francfort\" srcset=\"https:\/\/www.hs-kabeltechnik.at\/wp-content\/uploads\/2025\/03\/Messestand-2019-Standpersonal-ISH-Frankfurt-1024x825.png 1024w, https:\/\/www.hs-kabeltechnik.at\/wp-content\/uploads\/2025\/03\/Messestand-2019-Standpersonal-ISH-Frankfurt-300x242.png 300w, https:\/\/www.hs-kabeltechnik.at\/wp-content\/uploads\/2025\/03\/Messestand-2019-Standpersonal-ISH-Frankfurt-768x618.png 768w, https:\/\/www.hs-kabeltechnik.at\/wp-content\/uploads\/2025\/03\/Messestand-2019-Standpersonal-ISH-Frankfurt-1536x1237.png 1536w, https:\/\/www.hs-kabeltechnik.at\/wp-content\/uploads\/2025\/03\/Messestand-2019-Standpersonal-ISH-Frankfurt-2048x1649.png 2048w\" sizes=\"(max-width: 1024px) 100vw, 1024px\" \/>\t\t\t\t\t\t\t\t\t\t\t\t\t\t\t<\/div>\n\t\t\t\t<\/div>\n\t\t\t\t\t<\/div>\n\t\t<\/div>\n\t\t\t\t<div class=\"elementor-column elementor-col-20 elementor-top-column elementor-element elementor-element-e540d41\" data-id=\"e540d41\" data-element_type=\"column\">\n\t\t\t<div class=\"elementor-widget-wrap elementor-element-populated\">\n\t\t\t\t\t\t<div class=\"elementor-element elementor-element-6ee11a4 elementor-widget elementor-widget-image\" data-id=\"6ee11a4\" data-element_type=\"widget\" data-widget_type=\"image.default\">\n\t\t\t\t<div class=\"elementor-widget-container\">\n\t\t\t\t\t\t\t\t\t\t\t\t\t\t\t<img loading=\"lazy\" decoding=\"async\" width=\"1024\" height=\"825\" src=\"https:\/\/www.hs-kabeltechnik.at\/wp-content\/uploads\/2025\/03\/Messestand-2023-gemeinsam-mit-Testo-Standpersonal-1024x825.png\" class=\"attachment-large size-large wp-image-11316\" alt=\"Stand d&#039;exposition 2023 en commun avec le personnel du stand Testo\" srcset=\"https:\/\/www.hs-kabeltechnik.at\/wp-content\/uploads\/2025\/03\/Messestand-2023-gemeinsam-mit-Testo-Standpersonal-1024x825.png 1024w, https:\/\/www.hs-kabeltechnik.at\/wp-content\/uploads\/2025\/03\/Messestand-2023-gemeinsam-mit-Testo-Standpersonal-300x242.png 300w, https:\/\/www.hs-kabeltechnik.at\/wp-content\/uploads\/2025\/03\/Messestand-2023-gemeinsam-mit-Testo-Standpersonal-768x618.png 768w, https:\/\/www.hs-kabeltechnik.at\/wp-content\/uploads\/2025\/03\/Messestand-2023-gemeinsam-mit-Testo-Standpersonal-1536x1237.png 1536w, https:\/\/www.hs-kabeltechnik.at\/wp-content\/uploads\/2025\/03\/Messestand-2023-gemeinsam-mit-Testo-Standpersonal-2048x1649.png 2048w\" sizes=\"(max-width: 1024px) 100vw, 1024px\" \/>\t\t\t\t\t\t\t\t\t\t\t\t\t\t\t<\/div>\n\t\t\t\t<\/div>\n\t\t\t\t\t<\/div>\n\t\t<\/div>\n\t\t\t\t<div class=\"elementor-column elementor-col-20 elementor-top-column elementor-element elementor-element-983b13e\" data-id=\"983b13e\" data-element_type=\"column\">\n\t\t\t<div class=\"elementor-widget-wrap elementor-element-populated\">\n\t\t\t\t\t\t<div class=\"elementor-element elementor-element-42610e5 elementor-widget elementor-widget-image\" data-id=\"42610e5\" data-element_type=\"widget\" data-widget_type=\"image.default\">\n\t\t\t\t<div class=\"elementor-widget-container\">\n\t\t\t\t\t\t\t\t\t\t\t\t\t\t\t<img decoding=\"async\" width=\"1024\" height=\"825\" src=\"https:\/\/www.hs-kabeltechnik.at\/wp-content\/uploads\/2025\/03\/Messestand-2025-Standpersonal-ISH-Frankfurt-1024x825.png\" class=\"attachment-large size-large wp-image-11326\" alt=\"Stand d&#039;exposition 2025 Personnel du stand ISH Francfort\" srcset=\"https:\/\/www.hs-kabeltechnik.at\/wp-content\/uploads\/2025\/03\/Messestand-2025-Standpersonal-ISH-Frankfurt-1024x825.png 1024w, https:\/\/www.hs-kabeltechnik.at\/wp-content\/uploads\/2025\/03\/Messestand-2025-Standpersonal-ISH-Frankfurt-300x242.png 300w, https:\/\/www.hs-kabeltechnik.at\/wp-content\/uploads\/2025\/03\/Messestand-2025-Standpersonal-ISH-Frankfurt-768x618.png 768w, https:\/\/www.hs-kabeltechnik.at\/wp-content\/uploads\/2025\/03\/Messestand-2025-Standpersonal-ISH-Frankfurt-1536x1237.png 1536w, https:\/\/www.hs-kabeltechnik.at\/wp-content\/uploads\/2025\/03\/Messestand-2025-Standpersonal-ISH-Frankfurt-2048x1649.png 2048w\" sizes=\"(max-width: 1024px) 100vw, 1024px\" \/>\t\t\t\t\t\t\t\t\t\t\t\t\t\t\t<\/div>\n\t\t\t\t<\/div>\n\t\t\t\t\t<\/div>\n\t\t<\/div>\n\t\t\t\t\t<\/div>\n\t\t<\/section>\n\t\t\t\t<section class=\"elementor-section elementor-top-section elementor-element elementor-element-a0befd0 elementor-section-boxed elementor-section-height-default elementor-section-height-default\" data-id=\"a0befd0\" data-element_type=\"section\">\n\t\t\t\t\t\t<div class=\"elementor-container elementor-column-gap-default\">\n\t\t\t\t\t<div class=\"elementor-column elementor-col-20 elementor-top-column elementor-element elementor-element-7524b58\" data-id=\"7524b58\" data-element_type=\"column\">\n\t\t\t<div class=\"elementor-widget-wrap elementor-element-populated\">\n\t\t\t\t\t\t<div class=\"elementor-element elementor-element-94c277c elementor-widget elementor-widget-heading\" data-id=\"94c277c\" data-element_type=\"widget\" data-widget_type=\"heading.default\">\n\t\t\t\t<div class=\"elementor-widget-container\">\n\t\t\t\t\t<h5 class=\"elementor-heading-title elementor-size-default\">Premi\u00e8re participation au salon de Francfort avec le stand de groupe autrichien de la WKO avec placement dans la galerie.<\/h5>\t\t\t\t<\/div>\n\t\t\t\t<\/div>\n\t\t\t\t\t<\/div>\n\t\t<\/div>\n\t\t\t\t<div class=\"elementor-column elementor-col-20 elementor-top-column elementor-element elementor-element-9e8add1\" data-id=\"9e8add1\" data-element_type=\"column\">\n\t\t\t<div class=\"elementor-widget-wrap elementor-element-populated\">\n\t\t\t\t\t\t<div class=\"elementor-element elementor-element-00ee0a7 elementor-widget elementor-widget-heading\" data-id=\"00ee0a7\" data-element_type=\"widget\" data-widget_type=\"heading.default\">\n\t\t\t\t<div class=\"elementor-widget-container\">\n\t\t\t\t\t<h5 class=\"elementor-heading-title elementor-size-default\">Premier stand de 15 m\u00b2 \u00e0 l'ISH avec notre personnel d\u00e9sormais habitu\u00e9 : Christan Hochegger, Markus Schroll et Melanie Dietach.<\/h5>\t\t\t\t<\/div>\n\t\t\t\t<\/div>\n\t\t\t\t\t<\/div>\n\t\t<\/div>\n\t\t\t\t<div class=\"elementor-column elementor-col-20 elementor-top-column elementor-element elementor-element-5ce624a\" data-id=\"5ce624a\" data-element_type=\"column\">\n\t\t\t<div class=\"elementor-widget-wrap elementor-element-populated\">\n\t\t\t\t\t\t<div class=\"elementor-element elementor-element-6ad8f31 elementor-widget elementor-widget-heading\" data-id=\"6ad8f31\" data-element_type=\"widget\" data-widget_type=\"heading.default\">\n\t\t\t\t<div class=\"elementor-widget-container\">\n\t\t\t\t\t<h5 class=\"elementor-heading-title elementor-size-default\">Le propre stand passe \u00e0 28 m\u00b2 et le montage est confi\u00e9 \u00e0 un constructeur de stand externe.<\/h5>\t\t\t\t<\/div>\n\t\t\t\t<\/div>\n\t\t\t\t\t<\/div>\n\t\t<\/div>\n\t\t\t\t<div class=\"elementor-column elementor-col-20 elementor-top-column elementor-element elementor-element-0184bcf\" data-id=\"0184bcf\" data-element_type=\"column\">\n\t\t\t<div class=\"elementor-widget-wrap elementor-element-populated\">\n\t\t\t\t\t\t<div class=\"elementor-element elementor-element-b6e7b47 elementor-widget elementor-widget-heading\" data-id=\"b6e7b47\" data-element_type=\"widget\" data-widget_type=\"heading.default\">\n\t\t\t\t<div class=\"elementor-widget-container\">\n\t\t\t\t\t<h5 class=\"elementor-heading-title elementor-size-default\">En raison de synergies communes, la premi\u00e8re participation commune \u00e0 un salon aura lieu avec Testo Sensor d'Allemagne.<\/h5>\t\t\t\t<\/div>\n\t\t\t\t<\/div>\n\t\t\t\t\t<\/div>\n\t\t<\/div>\n\t\t\t\t<div class=\"elementor-column elementor-col-20 elementor-top-column elementor-element elementor-element-a04c607\" data-id=\"a04c607\" data-element_type=\"column\">\n\t\t\t<div class=\"elementor-widget-wrap elementor-element-populated\">\n\t\t\t\t\t\t<div class=\"elementor-element elementor-element-fcdfe3a elementor-widget elementor-widget-heading\" data-id=\"fcdfe3a\" data-element_type=\"widget\" data-widget_type=\"heading.default\">\n\t\t\t\t<div class=\"elementor-widget-container\">\n\t\t\t\t\t<h5 class=\"elementor-heading-title elementor-size-default\">Notre stand brille dans un nouveau design et notre personnel de stand grandit avec nous.<\/h5>\t\t\t\t<\/div>\n\t\t\t\t<\/div>\n\t\t\t\t\t<\/div>\n\t\t<\/div>\n\t\t\t\t\t<\/div>\n\t\t<\/section>\n\t\t\t\t<\/div>\n\t\t","protected":false},"excerpt":{"rendered":"<p>2025 : num\u00e9risation &#038; durabilit\u00e9 &#8211; l&rsquo;ISH Francfort de cette ann\u00e9e montre le chemin vers l&rsquo;avenir avec des produits innovants. Nous aussi, en tant que H&#038;S, avons pr\u00e9sent\u00e9 deux nouveaux produits dans notre portfolio.<\/p>\n","protected":false},"author":5,"featured_media":11321,"comment_status":"closed","ping_status":"open","sticky":false,"template":"","format":"standard","meta":{"_acf_changed":false,"_genesis_hide_title":false,"_genesis_hide_breadcrumbs":false,"_genesis_hide_singular_image":false,"_genesis_hide_footer_widgets":false,"_genesis_custom_body_class":"","_genesis_custom_post_class":"","_genesis_layout":"","footnotes":""},"categories":[31],"tags":[211],"class_list":{"0":"post-11355","1":"post","2":"type-post","3":"status-publish","4":"format-standard","5":"has-post-thumbnail","7":"category-non-classifiee","8":"tag-ish-fr","9":"entry"},"acf":[],"_links":{"self":[{"href":"https:\/\/www.hs-kabeltechnik.at\/fr\/wp-json\/wp\/v2\/posts\/11355","targetHints":{"allow":["GET"]}}],"collection":[{"href":"https:\/\/www.hs-kabeltechnik.at\/fr\/wp-json\/wp\/v2\/posts"}],"about":[{"href":"https:\/\/www.hs-kabeltechnik.at\/fr\/wp-json\/wp\/v2\/types\/post"}],"author":[{"embeddable":true,"href":"https:\/\/www.hs-kabeltechnik.at\/fr\/wp-json\/wp\/v2\/users\/5"}],"replies":[{"embeddable":true,"href":"https:\/\/www.hs-kabeltechnik.at\/fr\/wp-json\/wp\/v2\/comments?post=11355"}],"version-history":[{"count":3,"href":"https:\/\/www.hs-kabeltechnik.at\/fr\/wp-json\/wp\/v2\/posts\/11355\/revisions"}],"predecessor-version":[{"id":14021,"href":"https:\/\/www.hs-kabeltechnik.at\/fr\/wp-json\/wp\/v2\/posts\/11355\/revisions\/14021"}],"wp:featuredmedia":[{"embeddable":true,"href":"https:\/\/www.hs-kabeltechnik.at\/fr\/wp-json\/wp\/v2\/media\/11321"}],"wp:attachment":[{"href":"https:\/\/www.hs-kabeltechnik.at\/fr\/wp-json\/wp\/v2\/media?parent=11355"}],"wp:term":[{"taxonomy":"category","embeddable":true,"href":"https:\/\/www.hs-kabeltechnik.at\/fr\/wp-json\/wp\/v2\/categories?post=11355"},{"taxonomy":"post_tag","embeddable":true,"href":"https:\/\/www.hs-kabeltechnik.at\/fr\/wp-json\/wp\/v2\/tags?post=11355"}],"curies":[{"name":"wp","href":"https:\/\/api.w.org\/{rel}","templated":true}]}}